{"id":1209,"date":"2022-11-28T16:08:15","date_gmt":"2022-11-28T15:08:15","guid":{"rendered":"https:\/\/blog.unifr.ch\/anneedulivre\/?p=1209"},"modified":"2022-11-28T16:08:16","modified_gmt":"2022-11-28T15:08:16","slug":"dans-le-clair-obscur-du-sacrifice","status":"publish","type":"post","link":"https:\/\/blog.unifr.ch\/anneedulivre\/2022\/11\/28\/dans-le-clair-obscur-du-sacrifice\/","title":{"rendered":"Dans le clair-obscur du sacrifice"},"content":{"rendered":"\n<p class=\"has-text-align-left\"><strong>Dans son nouveau roman,\u00a0<em>Willibald,<\/em>\u00a0Gabriella Zalap\u00ec nous offre un terrain de jeu pour d\u00e9celer le clair-obscur d\u2019une peinture et d\u2019une famille. Mais qui est donc Willibald, entrepreneur et collectionneur juif, l\u2019homme qui a \u00ab\u00a0<em>pour ambition de s\u2019installer dans l\u2019image<\/em>\u00a0\u00bb\u00a0?\u00a0<\/strong><\/p>\n\n\n\n<hr class=\"wp-block-separator\"\/>\n\n\n\n<p class=\"has-text-align-left\">C\u2019est dans le petit abri de pierre qui borde la maison toscane d\u2019Antonia, m\u00e8re de Mara, au milieu des cartons et des habits, que Mara parvient \u00e0 retracer l\u2019exil de son arri\u00e8re-grand-p\u00e8re, Willibald. Un mus\u00e9e viennois a pris contact avec les deux femmes&nbsp;: le directeur souhaite leur restituer des objets de cet a\u00efeul \u00e0 l\u2019existence mouvement\u00e9e. Ce sera l\u2019occasion de plonger dans le pass\u00e9 et de raviver une \u00e9nigme d\u00e9j\u00e0 ancienne&nbsp;: 26 ans plus t\u00f4t, Antonia prenait la d\u00e9cision de vendre aux ench\u00e8res le&nbsp;<em>Sacrifice d\u2019Abraham<\/em>, peint par un \u00e9l\u00e8ve de Rembrandt. Cette toile \u00e9tait le patrimoine et le legs de Willibald qui avait pris soin de la plier et de la glisser dans sa valise en fuyant Vienne, en 1938, lors de l\u2019annexion de l\u2019Autriche par l\u2019Allemagne. Enfant, Mara passait des heures \u00e0 observer ce tableau, \u00e0 s\u2019y perdre, entre fascination et perplexit\u00e9. Quel secret dissimulait-il dans ses ombres&nbsp;? C\u00e9d\u00e9e au plus offrant, la toile lui manque, elle veut suivre sa trace en elle et le long de son histoire familiale.<\/p>\n\n\n\n<p class=\"has-text-align-left\">L\u2019autrice rythme son roman par des d\u00e9tails du&nbsp;<em>Sacrifice<\/em>, permettant aux lecteurs d\u2019accompagner les mots d\u2019une plong\u00e9e intime dans les images. \u00c9galement plasticienne, Gabriella Zalap\u00ec compose cette fresque par un assemblage de photographies, de r\u00e9f\u00e9rences, de r\u00e9cits individuels et de lettres. Dans une langue \u00e0 la fois po\u00e9tique et pr\u00e9cise, donnant \u00e0 sentir combien certaines repr\u00e9sentations \u00ab&nbsp;<em>deviennent des organes<\/em>&nbsp;\u00bb, Zalapi nous d\u00e9peint un tableau vivant dont le premier plan est reli\u00e9 \u00e0 l\u2019enqu\u00eate sur l\u2019identit\u00e9 de Willibald, alors que l\u2019arri\u00e8re-plan s\u2019int\u00e9resse \u00e0 la relation parfois difficile d\u2019une m\u00e8re et sa fille&nbsp;: dans l\u2019orbite de cet anc\u00eatre, c\u2019est toute une lign\u00e9e de femmes qui se d\u00e9voile.<\/p>\n\n\n\n<p class=\"has-text-align-left\">Au fil des pages, Zalap\u00ec nous invite ainsi \u00e0 questionner les objets qui nous entourent et ce qu\u2019ils r\u00e9v\u00e8lent de nos r\u00e9cits intimes\u00a0: \u00ab\u00a0<em>\u00e0 chaque objet se rattache le pr\u00e9nom d\u2019un anc\u00eatre, une origine, une histoire<\/em>\u00a0\u00bb. Les liens familiaux s\u2019\u00e9crivent peut-\u00eatre toujours dans les marges de ce qui est montr\u00e9, dans le d\u00e9tail t\u00e9nu d\u2019une sc\u00e8ne, nourris par les silences et les non-dits. Jouant au funambule entre les archives et la fiction,\u00a0<em>Willibald<\/em>\u00a0est un beau roman sur le secret des images qui habillent nos murs et peuplent nos int\u00e9rieurs.<\/p>\n\n\n\n<hr class=\"wp-block-separator\"\/>\n\n\n\n<p class=\"has-text-align-center\">Gabriella Zalap\u00ec, <em>Willibald<\/em>, Ch\u00eane-Bourg, Zo\u00e9, 2022, 160 pages, 26 CHF.<\/p>\n","protected":false},"excerpt":{"rendered":"<p>Dans son nouveau roman,\u00a0Willibald,\u00a0Gabriella Zalap\u00ec nous offre un terrain de jeu pour d\u00e9celer le clair-obscur d\u2019une peinture et d\u2019une famille. Mais qui est donc Willibald, entrepreneur et collectionneur juif, l\u2019homme qui a \u00ab\u00a0pour ambition de s\u2019installer dans l\u2019image\u00a0\u00bb\u00a0?\u00a0 C\u2019est dans le petit abri de pierre qui borde la maison toscane d\u2019Antonia, m\u00e8re de Mara, au [&hellip;]<\/p>\n","protected":false},"author":85,"featured_media":1210,"comment_status":"open","ping_status":"open","sticky":false,"template":"","format":"standard","meta":[],"categories":[1],"tags":[],"_links":{"self":[{"href":"https:\/\/blog.unifr.ch\/anneedulivre\/wp-json\/wp\/v2\/posts\/1209"}],"collection":[{"href":"https:\/\/blog.unifr.ch\/anneedulivre\/wp-json\/wp\/v2\/posts"}],"about":[{"href":"https:\/\/blog.unifr.ch\/anneedulivre\/wp-json\/wp\/v2\/types\/post"}],"author":[{"embeddable":true,"href":"https:\/\/blog.unifr.ch\/anneedulivre\/wp-json\/wp\/v2\/users\/85"}],"replies":[{"embeddable":true,"href":"https:\/\/blog.unifr.ch\/anneedulivre\/wp-json\/wp\/v2\/comments?post=1209"}],"version-history":[{"count":1,"href":"https:\/\/blog.unifr.ch\/anneedulivre\/wp-json\/wp\/v2\/posts\/1209\/revisions"}],"predecessor-version":[{"id":1211,"href":"https:\/\/blog.unifr.ch\/anneedulivre\/wp-json\/wp\/v2\/posts\/1209\/revisions\/1211"}],"wp:featuredmedia":[{"embeddable":true,"href":"https:\/\/blog.unifr.ch\/anneedulivre\/wp-json\/wp\/v2\/media\/1210"}],"wp:attachment":[{"href":"https:\/\/blog.unifr.ch\/anneedulivre\/wp-json\/wp\/v2\/media?parent=1209"}],"wp:term":[{"taxonomy":"category","embeddable":true,"href":"https:\/\/blog.unifr.ch\/anneedulivre\/wp-json\/wp\/v2\/categories?post=1209"},{"taxonomy":"post_tag","embeddable":true,"href":"https:\/\/blog.unifr.ch\/anneedulivre\/wp-json\/wp\/v2\/tags?post=1209"}],"curies":[{"name":"wp","href":"https:\/\/api.w.org\/{rel}","templated":true}]}}