{"id":1413,"date":"2024-03-31T21:48:26","date_gmt":"2024-03-31T19:48:26","guid":{"rendered":"https:\/\/blog.unifr.ch\/anneedulivre\/?p=1413"},"modified":"2024-03-31T21:48:27","modified_gmt":"2024-03-31T19:48:27","slug":"ballet-dune-vie-passee","status":"publish","type":"post","link":"https:\/\/blog.unifr.ch\/anneedulivre\/2024\/03\/31\/ballet-dune-vie-passee\/","title":{"rendered":"Ballet d\u2019une vie pass\u00e9e"},"content":{"rendered":"\n<p class=\"has-text-align-left\">\u00c9tienne Barilier, passionn\u00e9 des grandes figures qui ont marqu\u00e9 le monde, dresse dans&nbsp;<em>Muses<\/em>&nbsp;le portrait du chor\u00e9graphe George Balanchine, qui fut aussi musicien, danseur et ma\u00eetre de ballet. Que de personnages dans ce roman&nbsp;! Passant d\u2019une s\u00e9rie de ballerines&nbsp;\u00e0 une meurtri\u00e8re, c\u2019est un v\u00e9ritable d\u00e9fil\u00e9 qui est convoqu\u00e9 par l\u2019\u00e9crivain, un ballet de femmes qui viennent rendre visite \u00e0 Balanchine avant sa mort. Toutes, elles partagent une m\u00eame exp\u00e9rience&nbsp;:&nbsp;celle d\u2019avoir aim\u00e9 le grand chor\u00e9graphe, d\u2019avoir \u00e9t\u00e9 aim\u00e9es par lui. Parfois, on se perd presque dans une longue suite de pr\u00e9noms, entre Tamara, Vera, Tanaquil, Darci et Frances. Comme si les souvenirs s\u2019\u00e9tiolaient, que le cerveau br\u00fblait. Le protagoniste se r\u00e9volte pourtant&nbsp;: \u00ab&nbsp;Je veux me souvenir, parce que je refuse que le diable rouge emporte ma m\u00e9moire, me la suce du cerveau.&nbsp;\u00bb<\/p>\n\n\n\n<p class=\"has-text-align-left\">Si vous \u00eates novice en ballet, mais adepte de r\u00e9cits de vie, de r\u00e9cits d\u2019artistes, n\u2019h\u00e9sitez pas. Et si vous aimez la musique classique, je vous invite \u00e0 lire ce livre en \u00e9coutant le quatuor de Mozart KV 421. En effet, les sensations provoqu\u00e9es par les notes entrent en r\u00e9sonance avec l\u2019\u00e9criture, elles mettent les mots de l\u2019\u00e9crivain en mouvement. Et si le temps vous le permet, allez \u00e0 la recherche d\u2019une des cr\u00e9ations de Balanchine, de sa&nbsp;<em>Serenade<\/em>&nbsp;par exemple, rythm\u00e9e par la magnifique musique de Tcha\u00efkovski. Car le g\u00e9nie, \u00c9tienne Barilier le sait bien, \u00ab&nbsp;ne consiste pas \u00e0 danser sur la musique mais \u00e0 m\u00e9tamorphoser la musique en danse, ou plut\u00f4t l\u2019inverse&nbsp;\u00bb.&nbsp;<\/p>\n\n\n\n<hr class=\"wp-block-separator\"\/>\n\n\n\n<p class=\"has-text-align-center\">\u00c9tienne Barilier,<em>\u00a0Muses,<\/em>\u00a0Campiche, 2024, 192 pages, 29 CHF.<\/p>\n\n\n\n<p class=\"has-text-align-center\">Cr\u00e9dits de l&rsquo;image : https:\/\/www.operadeparis.fr\/artistes\/george-balanchine<\/p>\n","protected":false},"excerpt":{"rendered":"<p>\u00c9tienne Barilier, passionn\u00e9 des grandes figures qui ont marqu\u00e9 le monde, dresse dans&nbsp;Muses&nbsp;le portrait du chor\u00e9graphe George Balanchine, qui fut aussi musicien, danseur et ma\u00eetre de ballet. Que de personnages dans ce roman&nbsp;! Passant d\u2019une s\u00e9rie de ballerines&nbsp;\u00e0 une meurtri\u00e8re, c\u2019est un v\u00e9ritable d\u00e9fil\u00e9 qui est convoqu\u00e9 par l\u2019\u00e9crivain, un ballet de femmes qui viennent [&hellip;]<\/p>\n","protected":false},"author":93,"featured_media":1423,"comment_status":"open","ping_status":"open","sticky":false,"template":"","format":"standard","meta":[],"categories":[1],"tags":[],"_links":{"self":[{"href":"https:\/\/blog.unifr.ch\/anneedulivre\/wp-json\/wp\/v2\/posts\/1413"}],"collection":[{"href":"https:\/\/blog.unifr.ch\/anneedulivre\/wp-json\/wp\/v2\/posts"}],"about":[{"href":"https:\/\/blog.unifr.ch\/anneedulivre\/wp-json\/wp\/v2\/types\/post"}],"author":[{"embeddable":true,"href":"https:\/\/blog.unifr.ch\/anneedulivre\/wp-json\/wp\/v2\/users\/93"}],"replies":[{"embeddable":true,"href":"https:\/\/blog.unifr.ch\/anneedulivre\/wp-json\/wp\/v2\/comments?post=1413"}],"version-history":[{"count":2,"href":"https:\/\/blog.unifr.ch\/anneedulivre\/wp-json\/wp\/v2\/posts\/1413\/revisions"}],"predecessor-version":[{"id":1424,"href":"https:\/\/blog.unifr.ch\/anneedulivre\/wp-json\/wp\/v2\/posts\/1413\/revisions\/1424"}],"wp:featuredmedia":[{"embeddable":true,"href":"https:\/\/blog.unifr.ch\/anneedulivre\/wp-json\/wp\/v2\/media\/1423"}],"wp:attachment":[{"href":"https:\/\/blog.unifr.ch\/anneedulivre\/wp-json\/wp\/v2\/media?parent=1413"}],"wp:term":[{"taxonomy":"category","embeddable":true,"href":"https:\/\/blog.unifr.ch\/anneedulivre\/wp-json\/wp\/v2\/categories?post=1413"},{"taxonomy":"post_tag","embeddable":true,"href":"https:\/\/blog.unifr.ch\/anneedulivre\/wp-json\/wp\/v2\/tags?post=1413"}],"curies":[{"name":"wp","href":"https:\/\/api.w.org\/{rel}","templated":true}]}}