{"id":1457,"date":"2024-05-20T11:07:59","date_gmt":"2024-05-20T09:07:59","guid":{"rendered":"https:\/\/blog.unifr.ch\/anneedulivre\/?p=1457"},"modified":"2024-05-20T11:08:14","modified_gmt":"2024-05-20T09:08:14","slug":"ce-quon-appelle-lautre-cote-de-la-barricade","status":"publish","type":"post","link":"https:\/\/blog.unifr.ch\/anneedulivre\/2024\/05\/20\/ce-quon-appelle-lautre-cote-de-la-barricade\/","title":{"rendered":"<strong>Ce qu\u2019on appelle l\u2019autre c\u00f4t\u00e9 de la barricade<\/strong>"},"content":{"rendered":"\n<p class=\"has-text-align-left\">Ecrire \u00e0 propos de\u00a0<em>Camille s\u2019en va<\/em>\u00a0n\u2019est pas une t\u00e2che simple. Il faut trouver un \u00e9quilibre entre les deux aspects compl\u00e9mentaires et divergents du roman : le r\u00e9cit d\u2019amiti\u00e9 et l\u2019engagement politique des personnages. Ne valoriser que les dynamiques relationnelles qui se d\u00e9veloppent entre les protagonistes signifierait transformer le cri de d\u00e9nonciation de Thomas Flahaut en un r\u00e9cit mielleux. Mais aborder le sujet politique force \u00e0 s\u2019exposer \u2013\u00a0\u00ab Je hais les indiff\u00e9rents \u00bb<em>,\u00a0<\/em>disait Gramsci. La sinc\u00e9rit\u00e9 devient alors le diktat supr\u00eame, surtout si l\u2019on doit parler d\u2019un roman dont on ne partage pas la vision politique.\u00a0<\/p>\n\n\n\n<p class=\"has-text-align-left\"><em>Camille s\u2019en va<\/em>\u00a0d\u00e9fend des id\u00e9es qui sont \u00e0 tel point loin de moi qu\u2019elles m\u2019ont caus\u00e9 un malaise \u00e0 la lecture. En effet, j\u2019ai \u00e9prouv\u00e9 un puissant sentiment de col\u00e8re face au clin d\u2019\u0153il que le roman fait \u00e0 la protestation du <em>black bloc <\/em>contre l\u2019ordre \u00e9tabli et la police.\u00a0\u00c0 ce sujet, il n\u2019y a aucun doute sur la position de l\u2019auteur, qui dans ses remerciements \u00e9crit :\u00a0<em>Enfin, \u00e0 celles et ceux qui, durant l\u2019\u00e9criture de ce livre, ont \u00e9t\u00e9 victimes de l\u2019ordre policier, interpell\u00e9\u00b7e\u00b7s, bless\u00e9.e.s ou mort\u00b7e.s. Je vous dis ma solidarit\u00e9<\/em>. Je suis au contraire convaincue que le privil\u00e8ge de vivre dans une soci\u00e9t\u00e9 d\u00e9mocratique nous oblige \u00e0 proc\u00e9der \u00e0 des changements dans le cadre du syst\u00e8me institutionnel m\u00eame.\u00a0Tel est mon c\u00f4t\u00e9 de la barricade. C\u2019est depuis l\u00e0 que j\u2019\u00e9cris.\u00a0<\/p>\n\n\n\n<p class=\"has-text-align-left\">L\u2019intrigue\u00a0de\u00a0<em>Camille s\u2019en va\u00a0<\/em>est vite r\u00e9sum\u00e9e. Trois enfants se rencontrent et deviennent amis.\u00a0J\u00e9r\u00f4me et Camille, fr\u00e8re et s\u0153ur, sont les enfants du docteur du village. Yvain provient au contraire d\u2019un milieu d\u00e9favoris\u00e9. Durant l&rsquo;adolescence, l\u2019arriv\u00e9e de la politique dans la vie du groupe accro\u00eet la beaut\u00e9 de la relation, qui se maintient jusqu\u2019aux dix-huit ans. Un tournant d\u00e9cisif s&rsquo;op\u00e8re alors. Le trio s\u2019engage dans la lutte du mouvement de protestation <em>black bloc<\/em>, avec toutefois des degr\u00e9s d\u2019implication variables. Camille, la meneuse, est toujours en premi\u00e8re ligne\u00a0:\u00a0\u00ab Camille est partout. Camille, qui explique la situation, parle de tactique. Qui donne la parole \u00bb<em>,\u00a0<\/em>tandis que l\u2019attitude de J\u00e9r\u00f4me se caract\u00e9rise par son ambigu\u00eft\u00e9 dans les moments d\u00e9cisifs :\u00a0\u00ab Alors Geronimo remonte le courant de la foule qui se presse contre les keufs.\u00a0\u00c0\u00a0Camille il ne dira pas qu\u2019il avait eu peur pour lui, mais pour eux. Il n\u2019est pas le seul \u00e0 s\u2019\u00e9chapper \u00bb. Ces nouvelles circonstances provoquent la s\u00e9paration des membres du groupe : \u00ab\u00a0Ce soir-l\u00e0, il avait l\u2019impression d\u2019avoir perdu pour toujours la grande h\u00e9ro\u00efne de sa vie. Camille avait, pendant des ann\u00e9es, \u00e9t\u00e9 l\u00e0 dans tous les moments importants de son existence. Et puis Camille, peu \u00e0 peu, s\u2019\u00e9tait effac\u00e9e \u00bb. Une blessure br\u00fblante, surtout pour J\u00e9r\u00f4me qui d\u00e9cide de s\u2019\u00e9loigner mat\u00e9riellement des autres.\u00a0Jusqu\u2019au moment o\u00f9 \u2013 neuf ans apr\u00e8s \u2013 Yvain lui demande de l\u2019aide dans la bataille finale contre l\u2019\u00c9tat qui veut \u00e9vacuer la ZAD dite \u00ab\u00a0La Cingle\u00a0\u00bb. Alors, face aux dangers que son ami court pour prot\u00e9ger cette for\u00eat de l\u2019abattage, le fils du docteur\u00a0se verra oblig\u00e9 de repenser ses choix et de faire face \u00e0 son pass\u00e9.\u00a0<\/p>\n\n\n\n<p class=\"has-text-align-left\">\u00c0 ce stade, il appara\u00eet que l\u2019attitude \u00e9quilibr\u00e9e que j\u2019essaie de tenir ne d\u00e9pend pas seulement d\u2019un d\u00e9sir d\u2019objectivit\u00e9, mais qu\u2019elle correspond aussi \u00e0 la structure du roman.\u00a0<em>Camille s\u2019en va<\/em>\u00a0oblige son lecteur ou sa lectrice \u00e0 r\u00e9fl\u00e9chir \u00e0 la crise politique, sociale et environnementale des soci\u00e9t\u00e9s europ\u00e9ennes, en m\u00eame temps que le livre explore les dynamiques de trahison, d\u00e9ception et incommunicabilit\u00e9 que touchent toutes les relations humaines. \u00c0 la fin de la lecture il reste un sentiment apocalyptique de d\u00e9vastation, mais aussi la volont\u00e9 de s\u2019interroger sur la soci\u00e9t\u00e9 qu\u2019on veut construire pour ceux qui viendront apr\u00e8s nous. Et cela concerne tout le monde, de n\u2019importe quel c\u00f4t\u00e9 de la barricade. Tout comme est universelle la description du pardon et de la r\u00e9conciliation entre les amis, sur le chemin qui conduit chacun \u00e0 trouver sa libert\u00e9. Ce n\u2019est pas seulement Camille qui doit \u00e9voluer jusqu\u2019au point de partir\u00a0; chacun devra s\u2019en aller \u00e0 son tour.\u00a0<\/p>\n\n\n\n<hr class=\"wp-block-separator\"\/>\n\n\n\n<p class=\"has-text-align-center\">Thomas Flahaut,\u00a0<em>Camille s\u2019en va<\/em>, Paris, Editions de l\u2019Olivier, 2024, 288p., 34 CHF.<\/p>\n","protected":false},"excerpt":{"rendered":"<p>Ecrire \u00e0 propos de\u00a0Camille s\u2019en va\u00a0n\u2019est pas une t\u00e2che simple. Il faut trouver un \u00e9quilibre entre les deux aspects compl\u00e9mentaires et divergents du roman : le r\u00e9cit d\u2019amiti\u00e9 et l\u2019engagement politique des personnages. Ne valoriser que les dynamiques relationnelles qui se d\u00e9veloppent entre les protagonistes signifierait transformer le cri de d\u00e9nonciation de Thomas Flahaut en [&hellip;]<\/p>\n","protected":false},"author":101,"featured_media":1459,"comment_status":"open","ping_status":"open","sticky":false,"template":"","format":"standard","meta":[],"categories":[1],"tags":[],"_links":{"self":[{"href":"https:\/\/blog.unifr.ch\/anneedulivre\/wp-json\/wp\/v2\/posts\/1457"}],"collection":[{"href":"https:\/\/blog.unifr.ch\/anneedulivre\/wp-json\/wp\/v2\/posts"}],"about":[{"href":"https:\/\/blog.unifr.ch\/anneedulivre\/wp-json\/wp\/v2\/types\/post"}],"author":[{"embeddable":true,"href":"https:\/\/blog.unifr.ch\/anneedulivre\/wp-json\/wp\/v2\/users\/101"}],"replies":[{"embeddable":true,"href":"https:\/\/blog.unifr.ch\/anneedulivre\/wp-json\/wp\/v2\/comments?post=1457"}],"version-history":[{"count":4,"href":"https:\/\/blog.unifr.ch\/anneedulivre\/wp-json\/wp\/v2\/posts\/1457\/revisions"}],"predecessor-version":[{"id":1463,"href":"https:\/\/blog.unifr.ch\/anneedulivre\/wp-json\/wp\/v2\/posts\/1457\/revisions\/1463"}],"wp:featuredmedia":[{"embeddable":true,"href":"https:\/\/blog.unifr.ch\/anneedulivre\/wp-json\/wp\/v2\/media\/1459"}],"wp:attachment":[{"href":"https:\/\/blog.unifr.ch\/anneedulivre\/wp-json\/wp\/v2\/media?parent=1457"}],"wp:term":[{"taxonomy":"category","embeddable":true,"href":"https:\/\/blog.unifr.ch\/anneedulivre\/wp-json\/wp\/v2\/categories?post=1457"},{"taxonomy":"post_tag","embeddable":true,"href":"https:\/\/blog.unifr.ch\/anneedulivre\/wp-json\/wp\/v2\/tags?post=1457"}],"curies":[{"name":"wp","href":"https:\/\/api.w.org\/{rel}","templated":true}]}}