{"id":1468,"date":"2024-05-27T11:52:35","date_gmt":"2024-05-27T09:52:35","guid":{"rendered":"https:\/\/blog.unifr.ch\/anneedulivre\/?p=1468"},"modified":"2024-05-27T11:53:39","modified_gmt":"2024-05-27T09:53:39","slug":"dans-lintimite-dun-foyer","status":"publish","type":"post","link":"https:\/\/blog.unifr.ch\/anneedulivre\/2024\/05\/27\/dans-lintimite-dun-foyer\/","title":{"rendered":"Dans l\u2019intimit\u00e9 d\u2019un foyer"},"content":{"rendered":"\n<p class=\"has-text-align-left\">Dans l&rsquo;oc\u00e9an de r\u00e9cits qui nous parviennent, il est souvent facile de se laisser pi\u00e9ger par la simplicit\u00e9 apparente d&rsquo;une couverture, d&rsquo;un titre, ou m\u00eame des premiers paragraphes.&nbsp;&nbsp;<em>Vues d\u2019int\u00e9rieur apr\u00e8s destruction<\/em> d\u2019Arielle Meyer Macleod n\u2019\u00e9chappe pas \u00e0 cette r\u00e8gle.<\/p>\n\n\n\n<p class=\"has-text-align-left\">\u00c0 premi\u00e8re vue, le r\u00e9cit attire par sa sobri\u00e9t\u00e9. La page de couverture, si importante au moment de l\u2019achat d\u2019un livre, pr\u00e9sente humblement cinq maisons. Ces derni\u00e8res sont d\u00e9pourvues de d\u00e9tails, dans un paysage d\u00e9nu\u00e9 de fioritures. La taille du livre est modeste, la police d\u2019\u00e9criture g\u00e9n\u00e9reuse et de nombreux espaces vides transpercent le texte.&nbsp;<\/p>\n\n\n\n<p class=\"has-text-align-left\">Pourtant,&nbsp;<em>Vues d\u2019int\u00e9rieur apr\u00e8s destruction&nbsp;<\/em>r\u00e9v\u00e8lent une profondeur insoup\u00e7onn\u00e9e. Il suffit d\u2019ouvrir le livre pour se sentir interpell\u00e9. L\u2019auteur d\u00e9voile une mosa\u00efque de th\u00e9matiques&nbsp;: la puissance d\u2019un foyer, l\u2019intimit\u00e9, la beaut\u00e9 destructrice de Beyrouth, l\u2019amiti\u00e9, la magie de la photographie, la figure paternelle. Quelle richesse&nbsp;!<\/p>\n\n\n\n<p class=\"has-text-align-left\"><strong>La photographie \u2013<\/strong>&nbsp;Arielle, la narratrice, qui se confond habilement avec l\u2019auteure \u00e9ponyme, ajoute au r\u00e9cit de nombreuses photos issues de sa surprenante enqu\u00eate au Liban. Malgr\u00e9 des clich\u00e9s \u00e0 peine visibles, ces photos stimulent l\u2019esprit, forcent \u00e0 faire face \u00e0 la r\u00e9alit\u00e9. Elles sont des traces qui insistent sur la beaut\u00e9 \u00e9ph\u00e9m\u00e8re de la vie.&nbsp;<\/p>\n\n\n\n<p class=\"has-text-align-left\"><em>\u201cChaque fois, dans ce long couloir, je pensais au pouvoir fascinant et terrifiant de la photographie \u2013 une image arr\u00eat\u00e9e qui, ayant capt\u00e9 l\u2019\u00e9ph\u00e9m\u00e8re, ne cesse de dire ce qui n\u2019est plus, de pointer ce qui ne reviendra pas.\u201c<\/em><\/p>\n\n\n\n<p class=\"has-text-align-left\"><strong>L\u2019amiti\u00e9 \u2013&nbsp;<\/strong>Cette histoire est aussi celle de Gabriel, cet ami parti trop t\u00f4t. Apr\u00e8s sa disparition, Arielle part en p\u00e8lerinage dans un Liban d\u00e9vast\u00e9. Cette enqu\u00eate se r\u00e9v\u00e8le \u00eatre une qu\u00eate personnelle, la menant vers deux lettres&nbsp;troublantes : l\u2019une de son p\u00e8re, l\u2019autre adress\u00e9e \u00e0 son ami disparu. Ce voyage pousse Arielle au plus profond d\u2019elle-m\u00eame, l\u2019amenant \u00e0 se retrouver au travers de ses stigmates, \u00e0 se voir de l\u2019int\u00e9rieur apr\u00e8s destruction.<\/p>\n\n\n\n<p class=\"has-text-align-left\"><strong>Le foyer \u2013&nbsp;<\/strong>Et si, comme la page de titre semble l\u2019indiquer, le personnage principal de&nbsp;<em>Vues d\u2019int\u00e9rieur apr\u00e8s destruction&nbsp;<\/em>n\u2019est ni la narratrice, ni Gabriel, mais le foyer de Gabriel&nbsp;? Cette demeure est matrice, phare et r\u00e9cit en m\u00eame temps. Comme pour les<em>&nbsp;Buddenbrook,&nbsp;<\/em>la maison est au centre de l\u2019histoire. Elle incarne les forces centrifuges, mais aussi centrip\u00e8tes du foyer.&nbsp;&nbsp;<\/p>\n\n\n\n<p class=\"has-text-align-left\">Malgr\u00e9 la richesse de l\u2019\u0153uvre,&nbsp;<em>Vues d\u2019int\u00e9rieur apr\u00e8s destruction&nbsp;<\/em>risque de<em>&nbsp;<\/em>d\u00e9cevoir par le d\u00e9veloppement inconsistant de ses personnages. Cette lacune se manifeste par exemple dans le portrait de la m\u00e8re d\u2019Arielle dont la d\u00e9tresse laisse un go\u00fbt d\u2019inachev\u00e9. Ce b\u00e9mol n\u2019entache pas l\u2019ensemble de l\u2019\u0153uvre, qui reste touchante et enrichissante.&nbsp;<em>Vues d\u2019int\u00e9rieur apr\u00e8s destruction<\/em>&nbsp;se r\u00e9v\u00e8le \u00eatre plus qu\u2019un r\u00e9cit. Sous sa simplicit\u00e9 apparente se cache une profondeur captivante. Ce voyage invite le lecteur \u00e0 plonger au c\u0153ur de l\u2019intime, d\u00e9voilant des tr\u00e9sors insoup\u00e7onn\u00e9s. Poignant&nbsp;!<\/p>\n\n\n\n<hr class=\"wp-block-separator\"\/>\n\n\n\n<p class=\"has-text-align-center\">Arielle Meyer Macleod,&nbsp;<em>Vues d\u2019int\u00e9rieur apr\u00e8s destruction<\/em>, arl\u00e9a, 2024, 94 pages, 29,10 CHF.<\/p>\n\n\n\n<p><\/p>\n","protected":false},"excerpt":{"rendered":"<p>Dans l&rsquo;oc\u00e9an de r\u00e9cits qui nous parviennent, il est souvent facile de se laisser pi\u00e9ger par la simplicit\u00e9 apparente d&rsquo;une couverture, d&rsquo;un titre, ou m\u00eame des premiers paragraphes.&nbsp;&nbsp;Vues d\u2019int\u00e9rieur apr\u00e8s destruction d\u2019Arielle Meyer Macleod n\u2019\u00e9chappe pas \u00e0 cette r\u00e8gle. \u00c0 premi\u00e8re vue, le r\u00e9cit attire par sa sobri\u00e9t\u00e9. La page de couverture, si importante au [&hellip;]<\/p>\n","protected":false},"author":102,"featured_media":1469,"comment_status":"open","ping_status":"open","sticky":false,"template":"","format":"standard","meta":[],"categories":[1],"tags":[],"_links":{"self":[{"href":"https:\/\/blog.unifr.ch\/anneedulivre\/wp-json\/wp\/v2\/posts\/1468"}],"collection":[{"href":"https:\/\/blog.unifr.ch\/anneedulivre\/wp-json\/wp\/v2\/posts"}],"about":[{"href":"https:\/\/blog.unifr.ch\/anneedulivre\/wp-json\/wp\/v2\/types\/post"}],"author":[{"embeddable":true,"href":"https:\/\/blog.unifr.ch\/anneedulivre\/wp-json\/wp\/v2\/users\/102"}],"replies":[{"embeddable":true,"href":"https:\/\/blog.unifr.ch\/anneedulivre\/wp-json\/wp\/v2\/comments?post=1468"}],"version-history":[{"count":3,"href":"https:\/\/blog.unifr.ch\/anneedulivre\/wp-json\/wp\/v2\/posts\/1468\/revisions"}],"predecessor-version":[{"id":1472,"href":"https:\/\/blog.unifr.ch\/anneedulivre\/wp-json\/wp\/v2\/posts\/1468\/revisions\/1472"}],"wp:featuredmedia":[{"embeddable":true,"href":"https:\/\/blog.unifr.ch\/anneedulivre\/wp-json\/wp\/v2\/media\/1469"}],"wp:attachment":[{"href":"https:\/\/blog.unifr.ch\/anneedulivre\/wp-json\/wp\/v2\/media?parent=1468"}],"wp:term":[{"taxonomy":"category","embeddable":true,"href":"https:\/\/blog.unifr.ch\/anneedulivre\/wp-json\/wp\/v2\/categories?post=1468"},{"taxonomy":"post_tag","embeddable":true,"href":"https:\/\/blog.unifr.ch\/anneedulivre\/wp-json\/wp\/v2\/tags?post=1468"}],"curies":[{"name":"wp","href":"https:\/\/api.w.org\/{rel}","templated":true}]}}