{"id":894,"date":"2021-03-01T06:00:00","date_gmt":"2021-03-01T05:00:00","guid":{"rendered":"https:\/\/blog.unifr.ch\/anneedulivre\/?p=894"},"modified":"2021-03-01T08:13:25","modified_gmt":"2021-03-01T07:13:25","slug":"email-diamant-se-casse-t-il-les-dents","status":"publish","type":"post","link":"https:\/\/blog.unifr.ch\/anneedulivre\/2021\/03\/01\/email-diamant-se-casse-t-il-les-dents\/","title":{"rendered":"\u00ab\u00a0\u00c9mail diamant\u00a0\u00bb se casse-t-il les dents ?"},"content":{"rendered":"\n<p class=\"has-text-align-center\"><em>Chaque fois que j\u2019\u00e9cris le mot orthodontiste, je fais la m\u00eame faute\u00a0: <br>j\u2019\u00e9cris orthodentist<\/em>e<em><br>-qui me para\u00eet beaucoup plus logique-<\/em><\/p>\n\n\n\n<p class=\"has-text-align-center\"><em>\u00a0<\/em><\/p>\n\n\n\n<p class=\"has-text-align-left\"><em>\u00c9mail diamant<\/em>, le nouveau ouvrage de Fabienne Radi, \u00e9dit\u00e9 chez art&amp;fiction parle de dents, oui, mais pas seulement&nbsp;; David Bowie, Bobby Discroll, James Matthew Barrie ou encore Georges Washington apparaissent dans ce livre original qui m\u00eale r\u00e9flexion, anecdotes et souvenirs. D\u2019une couleur rouge vif, rappelant les gencives, avec une rang\u00e9e de carr\u00e9s blancs s\u2019alignant sur le bord, l\u2019apparence de l\u2019ouvrage vient renforcer les indications de la quatri\u00e8me de couverture&nbsp;: \u00ab&nbsp;Trente-deux r\u00e9cits \u00e0 g\u00e9om\u00e9trie variable en rapport plus ou moins \u00e9troit avec les dents&nbsp;\u00bb. Que les petits lecteurs se rassurent, ce n\u2019est pas un mastodonte&nbsp;! Cependant, on regrettera l\u2019impression que les dents sont des implants forc\u00e9s plut\u00f4t que les pivots des textes.<\/p>\n\n\n\n<p class=\"has-text-align-left\">Tous les textes ont un lien avec les dents, on y parle de sourire, de correction dentaire, de dentiste, de dentier et j\u2019en passe. Cependant, \u00e0 la lecture se d\u00e9gage un sentiment \u00e9trange. On constate que souvent, les dents sont au centre de compositions tr\u00e8s courtes ou finissent en p\u00e9riph\u00e9rie des textes plus longs, au point o\u00f9 l\u2019on se demande si cela n\u2019est pas de l\u2019ordre de l\u2019anecdote. Si l\u2019ouvrage a pour th\u00e8me les dents, certains r\u00e9cits, souvent les plus cons\u00e9quents, ne l\u2019ont pas. Ce d\u00e9calage est peut-\u00eatre cr\u00e9\u00e9 par l\u2019apparence de l\u2019objet qui vend la dent comme bien plus centrale qu\u2019on ne l\u2019aper\u00e7oit en d\u00e9finitive. La couverture et la quatri\u00e8me de couverture ne mentent pas comme des arracheurs de dents, certes, mais on peut se sentir flou\u00e9.<\/p>\n\n\n\n<p class=\"has-text-align-left\">Au fil de l\u2019\u0153uvre, nous avons l\u2019impression de suivre la carte mentale qu\u2019a d\u00e9velopp\u00e9e l\u2019autrice autour du th\u00e8me. On se surprend m\u00eame \u00e0 chercher le lien, on l\u2019attend, on se demande s\u2019il va revenir. Les diff\u00e9rentes formes des textes participent aussi \u00e0 cette surprise. On trouve ci et l\u00e0 de longues listes qu\u2019on lit un peu suspicieux et soudain, la clef de l\u2019\u00e9nigme nous est donn\u00e9e par le paragraphe final. Parfois, on trouve des r\u00e9cits plus longs, dans lesquels l\u2019auteur semble avoir voulu utiliser la th\u00e9matique des dents comme structure, mais \u00e0 nouveau, cela appara\u00eet comme un simple \u00e9cho.<\/p>\n\n\n\n<p class=\"has-text-align-left\">Les \u00e9crits aussi se regroupent ou se recoupent avec certaines figures qui vont et qui viennent : les membres de la famille de l\u2019autrice apparaissent, tout comme ses exp\u00e9riences de jeunesse. Ces textes souvent longs tardent un peu \u00e0 introduire les quenottes promises, ou alors, une fois que c\u2019est fait, le r\u00e9cit continue outre mesure sans y revenir, ce qui peut faire grincer les dents \u00e0 ceux qui en attendaient plus.<\/p>\n\n\n\n<p class=\"has-text-align-left\">Ainsi le th\u00e8me appara\u00eet-il en dent de scie, tandis que des \u00e9crits personnels, touchants ou dr\u00f4les se d\u00e9roulent devant nous. Avec un tel ouvrage, on a quelque chose \u00e0 se mettre sous la dent. En effet, si nous semblons avoir la dent dure, ce petit recueil reste sympathique et plus d\u2019un passage nous a fait rire de toutes nos dents.<\/p>\n\n\n\n<p class=\"has-text-align-left\">Cette \u0153uvre \u00e0 l\u2019apparence singuli\u00e8re et au contenu variable offre cependant une exp\u00e9rience de lecture singuli\u00e8re, une sorte d\u2019ovni arm\u00e9 jusqu\u2019aux dents de jolis textes.<\/p>\n\n\n\n<p class=\"has-text-align-left\">\u00a0<\/p>\n\n\n\n<p class=\"has-text-align-center\">Fabienne Radi, <em>\u00c9mail diamant<\/em>, art&amp;fiction, Gen\u00e8ve, Lausanne, 2020, 171 p.<\/p>\n","protected":false},"excerpt":{"rendered":"<p>Chaque fois que j\u2019\u00e9cris le mot orthodontiste, je fais la m\u00eame faute\u00a0: j\u2019\u00e9cris orthodentiste-qui me para\u00eet beaucoup plus logique- \u00a0 \u00c9mail diamant, le nouveau ouvrage de Fabienne Radi, \u00e9dit\u00e9 chez art&amp;fiction parle de dents, oui, mais pas seulement&nbsp;; David Bowie, Bobby Discroll, James Matthew Barrie ou encore Georges Washington apparaissent dans ce livre original qui [&hellip;]<\/p>\n","protected":false},"author":50,"featured_media":895,"comment_status":"open","ping_status":"open","sticky":false,"template":"","format":"standard","meta":[],"categories":[1],"tags":[],"_links":{"self":[{"href":"https:\/\/blog.unifr.ch\/anneedulivre\/wp-json\/wp\/v2\/posts\/894"}],"collection":[{"href":"https:\/\/blog.unifr.ch\/anneedulivre\/wp-json\/wp\/v2\/posts"}],"about":[{"href":"https:\/\/blog.unifr.ch\/anneedulivre\/wp-json\/wp\/v2\/types\/post"}],"author":[{"embeddable":true,"href":"https:\/\/blog.unifr.ch\/anneedulivre\/wp-json\/wp\/v2\/users\/50"}],"replies":[{"embeddable":true,"href":"https:\/\/blog.unifr.ch\/anneedulivre\/wp-json\/wp\/v2\/comments?post=894"}],"version-history":[{"count":3,"href":"https:\/\/blog.unifr.ch\/anneedulivre\/wp-json\/wp\/v2\/posts\/894\/revisions"}],"predecessor-version":[{"id":899,"href":"https:\/\/blog.unifr.ch\/anneedulivre\/wp-json\/wp\/v2\/posts\/894\/revisions\/899"}],"wp:featuredmedia":[{"embeddable":true,"href":"https:\/\/blog.unifr.ch\/anneedulivre\/wp-json\/wp\/v2\/media\/895"}],"wp:attachment":[{"href":"https:\/\/blog.unifr.ch\/anneedulivre\/wp-json\/wp\/v2\/media?parent=894"}],"wp:term":[{"taxonomy":"category","embeddable":true,"href":"https:\/\/blog.unifr.ch\/anneedulivre\/wp-json\/wp\/v2\/categories?post=894"},{"taxonomy":"post_tag","embeddable":true,"href":"https:\/\/blog.unifr.ch\/anneedulivre\/wp-json\/wp\/v2\/tags?post=894"}],"curies":[{"name":"wp","href":"https:\/\/api.w.org\/{rel}","templated":true}]}}