{"id":960,"date":"2021-05-03T06:00:00","date_gmt":"2021-05-03T04:00:00","guid":{"rendered":"https:\/\/blog.unifr.ch\/anneedulivre\/?p=960"},"modified":"2021-05-01T11:47:32","modified_gmt":"2021-05-01T09:47:32","slug":"connaissez-vous-gloria-vynil","status":"publish","type":"post","link":"https:\/\/blog.unifr.ch\/anneedulivre\/2021\/05\/03\/connaissez-vous-gloria-vynil\/","title":{"rendered":"Connaissez-vous Gloria Vynil ?"},"content":{"rendered":"\n<p class=\"has-text-align-left\">Gloria Vynil, ce nom vous \u00e9voque-t-il un souvenir lointain&nbsp;? Ou bien rencontrerez-vous sa porteuse seulement sur les premi\u00e8res pages du roman \u00e9ponyme ?&nbsp;<\/p>\n\n\n\n<p class=\"has-text-align-left\">Apr\u00e8s avoir donn\u00e9 vie \u00e0 ce personnage sans r\u00f4le principal mais non sans importance dans&nbsp;<em>J\u2019aime ce qui vacille<\/em>, roman qui lui a valu le Prix suisse de litt\u00e9rature en 2014, Rose-Marie Pagnard propose dans son dernier roman d\u2019aller \u00e0 la rencontre de Gloria. Celles et ceux qui acceptent l\u2019invitation d\u00e9couvrent le monde d\u2019une photographe et vid\u00e9aste primesauti\u00e8re et ind\u00e9pendante, d\u2019une jeune femme aux pens\u00e9es tentaculaires qui n\u2019a pas d\u00e9sappris de se laisser \u00e9merveiller.&nbsp;<\/p>\n\n\n\n<p class=\"has-text-align-left\">Gloria se sent \u00ab&nbsp;<em>n\u00e9e pour \u00eatre heureuse<\/em>&nbsp;\u00bb comme l\u2019avait proph\u00e9tis\u00e9 l\u2019a\u00een\u00e9 de ses cinq fr\u00e8res. Elle se cramponne \u00e0 ce bout de phrase, tout en sachant qu\u2019il lui manque une pi\u00e8ce dans son puzzle existentiel. Cette pi\u00e8ce perdue, c\u2019est le souvenir du drame survenu l\u2019\u00e9t\u00e9 de ses six ans. Souvenir dont l\u2019amn\u00e9sie l\u2019a d\u00e9poss\u00e9d\u00e9e, mais dont le silence de sa tante Ghenya et l\u2019attitude distante de ses fr\u00e8res lui rappellent constamment l\u2019existence.&nbsp;<\/p>\n\n\n\n<p class=\"has-text-align-left\">Faudrait-il chercher \u00e0 savoir&nbsp;? Comme pour retarder la confrontation avec le souvenir d\u2019un pass\u00e9 traumatique, Gloria se lance dans la pr\u00e9servation de la m\u00e9moire d\u2019un mus\u00e9e vou\u00e9 \u00e0 la destruction. En poursuivant le projet de le photographier en l\u2019\u00e9tat de rigidit\u00e9 cadav\u00e9rique, elle tombe sur Arthur. Muni d\u2019un chevalet et de toiles, ce dernier vise le m\u00eame but. Entre les deux, ce sera le coup de foudre et le d\u00e9but d\u2019une double mission contre l\u2019oubli. Comment garder une trace du pass\u00e9, comment en supporter le&nbsp;souvenir douloureux&nbsp;? Le lecteur, renseign\u00e9 d\u00e8s la premi\u00e8re page sur ce fameux \u00e9t\u00e9 pass\u00e9 sous silence, accompagne une Gloria qui se fait embarquer pour un voyage qui l\u2019expose \u00e0 ces interrogations. Sa trajectoire est jalonn\u00e9e de toute une panoplie de personnages tragi-comiques aux esprits artistiques. Une voyante malgr\u00e9 elle, un taxidermiste amateur de science et de Birkenstock \u2013 l\u2019auteure multiplie les figures qui accompagnent cette prise de conscience.<\/p>\n\n\n\n<p class=\"has-text-align-left\"><em>Gloria Vynil<\/em>&nbsp;est un roman d\u2019initiation \u00e9mouvant et teint\u00e9 du surr\u00e9el, implant\u00e9 dans des d\u00e9cors quotidiens merveilleusement d\u00e9pouill\u00e9s de leur banalit\u00e9. Par la plume de Rose-Marie Pagnard, le sommeil se transforme en \u00e9l\u00e9phant africain, une bo\u00eete \u00e0 linge se mue en un compagnon nocturne. Et Gloria Vynil devient, pour ceux qui acceptent l\u2019invitation, plus qu\u2019une simple connaissance, une compagne de voyage qui leur apprend \u00e0 laisser entrer la vie.<\/p>\n\n\n\n<hr class=\"wp-block-separator\"\/>\n\n\n\n<p class=\"has-text-align-center\">Rose-Marie Pagnard,&nbsp;<em>Gloria Vynil<\/em>,&nbsp;\u00c9ditions&nbsp;Zo\u00e9, 2021, 203 pages, 26 CHF.<\/p>\n","protected":false},"excerpt":{"rendered":"<p>Gloria Vynil, ce nom vous \u00e9voque-t-il un souvenir lointain&nbsp;? Ou bien rencontrerez-vous sa porteuse seulement sur les premi\u00e8res pages du roman \u00e9ponyme ?&nbsp; Apr\u00e8s avoir donn\u00e9 vie \u00e0 ce personnage sans r\u00f4le principal mais non sans importance dans&nbsp;J\u2019aime ce qui vacille, roman qui lui a valu le Prix suisse de litt\u00e9rature en 2014, Rose-Marie Pagnard [&hellip;]<\/p>\n","protected":false},"author":57,"featured_media":963,"comment_status":"open","ping_status":"open","sticky":false,"template":"","format":"standard","meta":[],"categories":[1],"tags":[],"_links":{"self":[{"href":"https:\/\/blog.unifr.ch\/anneedulivre\/wp-json\/wp\/v2\/posts\/960"}],"collection":[{"href":"https:\/\/blog.unifr.ch\/anneedulivre\/wp-json\/wp\/v2\/posts"}],"about":[{"href":"https:\/\/blog.unifr.ch\/anneedulivre\/wp-json\/wp\/v2\/types\/post"}],"author":[{"embeddable":true,"href":"https:\/\/blog.unifr.ch\/anneedulivre\/wp-json\/wp\/v2\/users\/57"}],"replies":[{"embeddable":true,"href":"https:\/\/blog.unifr.ch\/anneedulivre\/wp-json\/wp\/v2\/comments?post=960"}],"version-history":[{"count":2,"href":"https:\/\/blog.unifr.ch\/anneedulivre\/wp-json\/wp\/v2\/posts\/960\/revisions"}],"predecessor-version":[{"id":964,"href":"https:\/\/blog.unifr.ch\/anneedulivre\/wp-json\/wp\/v2\/posts\/960\/revisions\/964"}],"wp:featuredmedia":[{"embeddable":true,"href":"https:\/\/blog.unifr.ch\/anneedulivre\/wp-json\/wp\/v2\/media\/963"}],"wp:attachment":[{"href":"https:\/\/blog.unifr.ch\/anneedulivre\/wp-json\/wp\/v2\/media?parent=960"}],"wp:term":[{"taxonomy":"category","embeddable":true,"href":"https:\/\/blog.unifr.ch\/anneedulivre\/wp-json\/wp\/v2\/categories?post=960"},{"taxonomy":"post_tag","embeddable":true,"href":"https:\/\/blog.unifr.ch\/anneedulivre\/wp-json\/wp\/v2\/tags?post=960"}],"curies":[{"name":"wp","href":"https:\/\/api.w.org\/{rel}","templated":true}]}}