{"id":997,"date":"2021-06-14T06:00:00","date_gmt":"2021-06-14T04:00:00","guid":{"rendered":"https:\/\/blog.unifr.ch\/anneedulivre\/?p=997"},"modified":"2021-06-13T16:56:13","modified_gmt":"2021-06-13T14:56:13","slug":"lautre-madeleine-de-proust","status":"publish","type":"post","link":"https:\/\/blog.unifr.ch\/anneedulivre\/2021\/06\/14\/lautre-madeleine-de-proust\/","title":{"rendered":"L&rsquo;autre madeleine de Proust"},"content":{"rendered":"\n<p class=\"has-text-align-left\">J\u2019ai mordu dans ce livre comme le narrateur de Proust a go\u00fbt\u00e9 sa madeleine&nbsp;: un peu par hasard, mais avec plaisir, le livre faisant remonter en moi non pas un souvenir d\u2019enfance, mais les images et silencieuses m\u00e9lodies provoqu\u00e9es par mon premier contact avec&nbsp;<em>La recherche du temps perdu<\/em>. Dans son roman, \u00c9tienne Barilier nous emm\u00e8ne \u00e0 la rencontre de Louis Lef\u00e8vre, m\u00e9lomane tortur\u00e9 que le petit Marcel Proust aurait pu rencontrer au coin de sa rue, ou du moins entendre, un jour o\u00f9 le pianiste aurait laiss\u00e9 sa fen\u00eatre entrouverte, laissant s\u2019\u00e9chapper les notes de ses intrigantes compositions. Tout comme J\u00e9r\u00f4me Bastianelli dans&nbsp;<em>La vraie vie de Vinteuil&nbsp;<\/em>(Grasset, 2019), Barilier compose l\u2019histoire de celui dont les sons auraient pu se graver dans l\u2019inconscient de Proust, pour plus tard faire \u00e9merger ce souvenir sous la forme de Vinteuil, musicien le plus c\u00e9l\u00e8bre, mais aussi le plus myst\u00e9rieux de la litt\u00e9rature fran\u00e7aise.&nbsp;<\/p>\n\n\n\n<p class=\"has-text-align-left\">D\u00e8s les premi\u00e8res lignes, la narratrice de&nbsp;<em>La recherche de Vinteuil<\/em>&nbsp;se pr\u00e9sente comme celle qui \u00ab&nbsp;<em>par des voies scabreuses<\/em>&nbsp;\u00bb se trouverait \u00eatre \u00ab&nbsp;<em>la tardive petite-fille<\/em>&nbsp;\u00bb de Louis Lef\u00e8vre. Puisant dans le journal du compositeur ainsi que dans les m\u00e9moires du cousin de ce dernier, elle tente de recomposer l\u2019histoire de son grand-p\u00e8re, avec ce regard \u00e0 la fois attendri, fascin\u00e9 et inquiet que nous portons sur les fous auxquels nous sommes li\u00e9s. Elle reconstitue sa vie, de la perte pr\u00e9coce de ses parents \u00e0 sa mort, sugg\u00e9rant toujours son ali\u00e9nation sans toutefois la nommer, la rendant ainsi oppressante par son absence. Ces silences, pos\u00e9s aux endroits les plus dissonants de la partition de son existence, nous permettent-ils de poser sur le m\u00e9lomane un regard non pas de d\u00e9go\u00fbt, mais \u00e9trangement nuanc\u00e9&nbsp;? Sans doute. C\u2019est avec une curiosit\u00e9 teint\u00e9e d\u2019un malaise latent que nous parcourons la vie de l\u2019ambigu personnage, le suivant l\u00e0 o\u00f9 sa qu\u00eate de la r\u00e9demption et son amour des arts le m\u00e8nent, d\u00e9couvrant, \u00e0 travers ses p\u00e9rip\u00e9ties, la R\u00e9volution de 1848 et la Commune, fr\u00f4lant Flaubert, rencontrant Baudelaire, Berlioz et Chopin. Avec la complicit\u00e9 de son artiste antih\u00e9ro\u00efque, Barilier rend une fois de plus hommage \u00e0 la musique et \u00e0 la litt\u00e9rature fran\u00e7aise.&nbsp;<\/p>\n\n\n\n<p class=\"has-text-align-left\">Au final, m\u00eame si je sais que ce musicien n\u2019a jamais exist\u00e9, que je me dois presque de l\u2019esp\u00e9rer, je ne voudrais pas qu\u2019un personnage aussi fascinant que celui-ci tombe dans l\u2019oubli. Rien que pour le \u00ab scoop \u00bb d\u2019avoir trouv\u00e9 Vinteuil. Eh oui, il faut bien l\u2019avouer&nbsp;: \u00e0 la fin du roman de Barilier, je souhaite que Louis Lef\u00e8vre ait \u00e9t\u00e9 l\u2019autre madeleine de Proust.<\/p>\n\n\n\n<hr class=\"wp-block-separator\"\/>\n\n\n\n<p class=\"has-text-align-center\">\u00c9tienne Barilier,&nbsp;<em>A la recherche de Vinteuil<\/em>, Editions Ph\u00e9bus, 2021, 169 pages, <br>32 CHF<\/p>\n","protected":false},"excerpt":{"rendered":"<p>J\u2019ai mordu dans ce livre comme le narrateur de Proust a go\u00fbt\u00e9 sa madeleine&nbsp;: un peu par hasard, mais avec plaisir, le livre faisant remonter en moi non pas un souvenir d\u2019enfance, mais les images et silencieuses m\u00e9lodies provoqu\u00e9es par mon premier contact avec&nbsp;La recherche du temps perdu. Dans son roman, \u00c9tienne Barilier nous emm\u00e8ne [&hellip;]<\/p>\n","protected":false},"author":63,"featured_media":998,"comment_status":"open","ping_status":"open","sticky":false,"template":"","format":"standard","meta":[],"categories":[1],"tags":[],"_links":{"self":[{"href":"https:\/\/blog.unifr.ch\/anneedulivre\/wp-json\/wp\/v2\/posts\/997"}],"collection":[{"href":"https:\/\/blog.unifr.ch\/anneedulivre\/wp-json\/wp\/v2\/posts"}],"about":[{"href":"https:\/\/blog.unifr.ch\/anneedulivre\/wp-json\/wp\/v2\/types\/post"}],"author":[{"embeddable":true,"href":"https:\/\/blog.unifr.ch\/anneedulivre\/wp-json\/wp\/v2\/users\/63"}],"replies":[{"embeddable":true,"href":"https:\/\/blog.unifr.ch\/anneedulivre\/wp-json\/wp\/v2\/comments?post=997"}],"version-history":[{"count":3,"href":"https:\/\/blog.unifr.ch\/anneedulivre\/wp-json\/wp\/v2\/posts\/997\/revisions"}],"predecessor-version":[{"id":1001,"href":"https:\/\/blog.unifr.ch\/anneedulivre\/wp-json\/wp\/v2\/posts\/997\/revisions\/1001"}],"wp:featuredmedia":[{"embeddable":true,"href":"https:\/\/blog.unifr.ch\/anneedulivre\/wp-json\/wp\/v2\/media\/998"}],"wp:attachment":[{"href":"https:\/\/blog.unifr.ch\/anneedulivre\/wp-json\/wp\/v2\/media?parent=997"}],"wp:term":[{"taxonomy":"category","embeddable":true,"href":"https:\/\/blog.unifr.ch\/anneedulivre\/wp-json\/wp\/v2\/categories?post=997"},{"taxonomy":"post_tag","embeddable":true,"href":"https:\/\/blog.unifr.ch\/anneedulivre\/wp-json\/wp\/v2\/tags?post=997"}],"curies":[{"name":"wp","href":"https:\/\/api.w.org\/{rel}","templated":true}]}}