{"id":926,"date":"2020-02-27T13:48:00","date_gmt":"2020-02-27T12:48:00","guid":{"rendered":"https:\/\/blog.unifr.ch\/create\/?p=926"},"modified":"2020-02-27T13:48:00","modified_gmt":"2020-02-27T12:48:00","slug":"tablets-fur-alle-os-sense-mandatiert-cre-ate-zur-wissenschaftlichen-begleitung-der-1zu1-strategie","status":"publish","type":"post","link":"https:\/\/blog.unifr.ch\/create\/tablets-fur-alle-os-sense-mandatiert-cre-ate-zur-wissenschaftlichen-begleitung-der-1zu1-strategie\/","title":{"rendered":"Tablets f\u00fcr alle: OS Sense mandatiert CRE\/ATE zur wissenschaftlichen Begleitung der 1zu1-Strategie"},"content":{"rendered":"<p>In den deutschsprachigen Orientierungsschulen des Kantons Freiburg werden die Lehrpersonen ab 2020 sowie alle Sch\u00fclerinnen und Sch\u00fcler ab 2021 mit Tablets ausgestattet. Das Ziel ist es, die Digitalisierung fl\u00e4chendeckend und leicht zug\u00e4nglich in die Schulen zu bringen. Gleichwohl wird mit der 1zu1-Strategie eine umfassende Grundlage f\u00fcr den Perspektivrahmen des Lehrplans 21 gelegt:<br \/>\nNutzung neue\/ digitaler Medien im Kontext der Informationsgesellschaft; pers\u00f6nliche, kulturelle und soziale Kompetenzen in Auseinandersetzung mit digitalen Medien aufbauen;<br \/>\nf\u00fcr die Anwendung von Informations- und Kommunikationstechnologien in der beruflichen Bildung vorbauen;<br \/>\nund M\u00fcndigkeit in der Bewertung und Anwendung sich wandelnder Technologien.<\/p>\n<p>Ab 2020 wird der Implementierungsprozess von CRE\/ATE wissenschaftlich begleitet (monitoring). Wichtige Fragestellungen beziehen sich dabei auf die Voraussetzungen zur erfolgreichen Implementation von Tablets durch Lehrpersonen, der Bedeutung von systematischer Weiterbildung zur Implementation, sowie das Beobachten des Implementationsverlaufs \u00fcber drei Jahre hinweg. Neben diesem Monitoring sollen auch Fragen nach Wirkungen der 1zu1-Strategie auf Ebene der Sch\u00fclerinnen und Sch\u00fcler in den Blick genommen werden: Inwieweit l\u00e4sst sich ein Wandel in der Lernmotivation beobachten und worin besteht ein m\u00f6glicher Kompetenzzuwachs bei den Heranwachsenden, wenn vermehrt digitale Technologien im Unterricht verwendet werden?<\/p>\n<p>Die Antworten auf diese und weitere Fragen k\u00f6nnen als Grundlage f\u00fcr zuk\u00fcnftige Implementierungsstrategien und deren Optimierung dienen. CRE\/ATE freut sich auf die Herausforderungen und die Zusammenarbeit mit den Lehrerinnen und Lehrern, den Sch\u00fclerinnen und Sch\u00fclern, sowie mit der strategischen Steuerungsgruppe.<\/p>\n","protected":false},"excerpt":{"rendered":"<p>In den deutschsprachigen Orientierungsschulen des Kantons Freiburg werden die Lehrpersonen ab 2020 sowie alle Sch\u00fclerinnen und Sch\u00fcler ab 2021 mit Tablets ausgestattet. Das Ziel ist es, die Digitalisierung fl\u00e4chendeckend und leicht zug\u00e4nglich in die Schulen zu bringen. Gleichwohl wird mit der 1zu1-Strategie eine umfassende Grundlage f\u00fcr den Perspektivrahmen des Lehrplans 21 gelegt: Nutzung neue\/ digitaler [&hellip;]<\/p>\n","protected":false},"author":10,"featured_media":930,"comment_status":"open","ping_status":"open","sticky":false,"template":"","format":"standard","meta":{"_acf_changed":false,"footnotes":""},"categories":[1],"tags":[],"class_list":["post-926","post","type-post","status-publish","format-standard","has-post-thumbnail","hentry","category-non-classe"],"acf":[],"yoast_head":"<!-- This site is optimized with the Yoast SEO plugin v25.3.1 - https:\/\/yoast.com\/wordpress\/plugins\/seo\/ -->\n<title>Tablets f\u00fcr alle: OS Sense mandatiert CRE\/ATE zur wissenschaftlichen Begleitung der 1zu1-Strategie | CRE\/ATE<\/title>\n<meta name=\"robots\" content=\"index, follow, max-snippet:-1, max-image-preview:large, max-video-preview:-1\" \/>\n<link rel=\"canonical\" href=\"https:\/\/blog.unifr.ch\/create\/tablets-fur-alle-os-sense-mandatiert-cre-ate-zur-wissenschaftlichen-begleitung-der-1zu1-strategie\/\" \/>\n<meta property=\"og:locale\" content=\"en_US\" \/>\n<meta property=\"og:type\" content=\"article\" \/>\n<meta property=\"og:title\" content=\"Tablets f\u00fcr alle: OS Sense mandatiert CRE\/ATE zur wissenschaftlichen Begleitung der 1zu1-Strategie | CRE\/ATE\" \/>\n<meta property=\"og:description\" content=\"In den deutschsprachigen Orientierungsschulen des Kantons Freiburg werden die Lehrpersonen ab 2020 sowie alle Sch\u00fclerinnen und Sch\u00fcler ab 2021 mit Tablets ausgestattet. Das Ziel ist es, die Digitalisierung fl\u00e4chendeckend und leicht zug\u00e4nglich in die Schulen zu bringen. Gleichwohl wird mit der 1zu1-Strategie eine umfassende Grundlage f\u00fcr den Perspektivrahmen des Lehrplans 21 gelegt: Nutzung neue\/ digitaler [&hellip;]\" \/>\n<meta property=\"og:url\" content=\"https:\/\/blog.unifr.ch\/create\/tablets-fur-alle-os-sense-mandatiert-cre-ate-zur-wissenschaftlichen-begleitung-der-1zu1-strategie\/\" \/>\n<meta property=\"og:site_name\" content=\"CRE\/ATE\" \/>\n<meta property=\"article:published_time\" content=\"2020-02-27T12:48:00+00:00\" \/>\n<meta property=\"og:image\" content=\"https:\/\/blog.unifr.ch\/create\/wp-content\/uploads\/sites\/6\/2020\/02\/tablet.jpg\" \/>\n\t<meta property=\"og:image:width\" content=\"1280\" \/>\n\t<meta property=\"og:image:height\" content=\"853\" \/>\n\t<meta property=\"og:image:type\" content=\"image\/jpeg\" \/>\n<meta name=\"author\" content=\"Alexander F. Koch\" \/>\n<meta name=\"twitter:card\" content=\"summary_large_image\" \/>\n<meta name=\"twitter:label1\" content=\"Written by\" \/>\n\t<meta name=\"twitter:data1\" content=\"Alexander F. Koch\" \/>\n\t<meta name=\"twitter:label2\" content=\"Est. reading time\" \/>\n\t<meta name=\"twitter:data2\" content=\"1 minute\" \/>\n<script type=\"application\/ld+json\" class=\"yoast-schema-graph\">{\"@context\":\"https:\/\/schema.org\",\"@graph\":[{\"@type\":\"Article\",\"@id\":\"https:\/\/blog.unifr.ch\/create\/tablets-fur-alle-os-sense-mandatiert-cre-ate-zur-wissenschaftlichen-begleitung-der-1zu1-strategie\/#article\",\"isPartOf\":{\"@id\":\"https:\/\/blog.unifr.ch\/create\/tablets-fur-alle-os-sense-mandatiert-cre-ate-zur-wissenschaftlichen-begleitung-der-1zu1-strategie\/\"},\"author\":{\"name\":\"Alexander F. Koch\",\"@id\":\"https:\/\/blog.unifr.ch\/create\/#\/schema\/person\/a04a6574b182c366548e019eed831f74\"},\"headline\":\"Tablets f\u00fcr alle: OS Sense mandatiert CRE\/ATE zur wissenschaftlichen Begleitung der 1zu1-Strategie\",\"datePublished\":\"2020-02-27T12:48:00+00:00\",\"mainEntityOfPage\":{\"@id\":\"https:\/\/blog.unifr.ch\/create\/tablets-fur-alle-os-sense-mandatiert-cre-ate-zur-wissenschaftlichen-begleitung-der-1zu1-strategie\/\"},\"wordCount\":253,\"commentCount\":0,\"publisher\":{\"@id\":\"https:\/\/blog.unifr.ch\/create\/#organization\"},\"image\":{\"@id\":\"https:\/\/blog.unifr.ch\/create\/tablets-fur-alle-os-sense-mandatiert-cre-ate-zur-wissenschaftlichen-begleitung-der-1zu1-strategie\/#primaryimage\"},\"thumbnailUrl\":\"https:\/\/blog.unifr.ch\/create\/wp-content\/uploads\/2020\/02\/tablet.jpg\",\"articleSection\":[\"Non class\u00e9\"],\"inLanguage\":\"en-US\",\"potentialAction\":[{\"@type\":\"CommentAction\",\"name\":\"Comment\",\"target\":[\"https:\/\/blog.unifr.ch\/create\/tablets-fur-alle-os-sense-mandatiert-cre-ate-zur-wissenschaftlichen-begleitung-der-1zu1-strategie\/#respond\"]}]},{\"@type\":\"WebPage\",\"@id\":\"https:\/\/blog.unifr.ch\/create\/tablets-fur-alle-os-sense-mandatiert-cre-ate-zur-wissenschaftlichen-begleitung-der-1zu1-strategie\/\",\"url\":\"https:\/\/blog.unifr.ch\/create\/tablets-fur-alle-os-sense-mandatiert-cre-ate-zur-wissenschaftlichen-begleitung-der-1zu1-strategie\/\",\"name\":\"Tablets f\u00fcr alle: OS Sense mandatiert CRE\/ATE zur wissenschaftlichen Begleitung der 1zu1-Strategie | CRE\/ATE\",\"isPartOf\":{\"@id\":\"https:\/\/blog.unifr.ch\/create\/#website\"},\"primaryImageOfPage\":{\"@id\":\"https:\/\/blog.unifr.ch\/create\/tablets-fur-alle-os-sense-mandatiert-cre-ate-zur-wissenschaftlichen-begleitung-der-1zu1-strategie\/#primaryimage\"},\"image\":{\"@id\":\"https:\/\/blog.unifr.ch\/create\/tablets-fur-alle-os-sense-mandatiert-cre-ate-zur-wissenschaftlichen-begleitung-der-1zu1-strategie\/#primaryimage\"},\"thumbnailUrl\":\"https:\/\/blog.unifr.ch\/create\/wp-content\/uploads\/2020\/02\/tablet.jpg\",\"datePublished\":\"2020-02-27T12:48:00+00:00\",\"breadcrumb\":{\"@id\":\"https:\/\/blog.unifr.ch\/create\/tablets-fur-alle-os-sense-mandatiert-cre-ate-zur-wissenschaftlichen-begleitung-der-1zu1-strategie\/#breadcrumb\"},\"inLanguage\":\"en-US\",\"potentialAction\":[{\"@type\":\"ReadAction\",\"target\":[\"https:\/\/blog.unifr.ch\/create\/tablets-fur-alle-os-sense-mandatiert-cre-ate-zur-wissenschaftlichen-begleitung-der-1zu1-strategie\/\"]}]},{\"@type\":\"ImageObject\",\"inLanguage\":\"en-US\",\"@id\":\"https:\/\/blog.unifr.ch\/create\/tablets-fur-alle-os-sense-mandatiert-cre-ate-zur-wissenschaftlichen-begleitung-der-1zu1-strategie\/#primaryimage\",\"url\":\"https:\/\/blog.unifr.ch\/create\/wp-content\/uploads\/2020\/02\/tablet.jpg\",\"contentUrl\":\"https:\/\/blog.unifr.ch\/create\/wp-content\/uploads\/2020\/02\/tablet.jpg\",\"width\":1280,\"height\":853},{\"@type\":\"BreadcrumbList\",\"@id\":\"https:\/\/blog.unifr.ch\/create\/tablets-fur-alle-os-sense-mandatiert-cre-ate-zur-wissenschaftlichen-begleitung-der-1zu1-strategie\/#breadcrumb\",\"itemListElement\":[{\"@type\":\"ListItem\",\"position\":1,\"name\":\"Accueil\",\"item\":\"https:\/\/blog.unifr.ch\/create\/\"},{\"@type\":\"ListItem\",\"position\":2,\"name\":\"Tablets f\u00fcr alle: OS Sense mandatiert CRE\/ATE zur wissenschaftlichen Begleitung der 1zu1-Strategie\"}]},{\"@type\":\"WebSite\",\"@id\":\"https:\/\/blog.unifr.ch\/create\/#website\",\"url\":\"https:\/\/blog.unifr.ch\/create\/\",\"name\":\"CRE\/ATE\",\"description\":\"Vers des pratiques r\u00e9fl\u00e9chies du num\u00e9rique en \u00e9ducation | Auf dem Weg zu durchdachten Praktiken der digitalen Technologie im Bildungswesen | Towards thoughtful practices of digital technology in education\",\"publisher\":{\"@id\":\"https:\/\/blog.unifr.ch\/create\/#organization\"},\"potentialAction\":[{\"@type\":\"SearchAction\",\"target\":{\"@type\":\"EntryPoint\",\"urlTemplate\":\"https:\/\/blog.unifr.ch\/create\/?s={search_term_string}\"},\"query-input\":{\"@type\":\"PropertyValueSpecification\",\"valueRequired\":true,\"valueName\":\"search_term_string\"}}],\"inLanguage\":\"en-US\"},{\"@type\":\"Organization\",\"@id\":\"https:\/\/blog.unifr.ch\/create\/#organization\",\"name\":\"CRE\/ATE\",\"url\":\"https:\/\/blog.unifr.ch\/create\/\",\"logo\":{\"@type\":\"ImageObject\",\"inLanguage\":\"en-US\",\"@id\":\"https:\/\/blog.unifr.ch\/create\/#\/schema\/logo\/image\/\",\"url\":\"https:\/\/blog.unifr.ch\/create\/wp-content\/uploads\/sites\/6\/2019\/05\/logo-square.jpg\",\"contentUrl\":\"https:\/\/blog.unifr.ch\/create\/wp-content\/uploads\/sites\/6\/2019\/05\/logo-square.jpg\",\"width\":500,\"height\":500,\"caption\":\"CRE\/ATE\"},\"image\":{\"@id\":\"https:\/\/blog.unifr.ch\/create\/#\/schema\/logo\/image\/\"}},{\"@type\":\"Person\",\"@id\":\"https:\/\/blog.unifr.ch\/create\/#\/schema\/person\/a04a6574b182c366548e019eed831f74\",\"name\":\"Alexander F. Koch\",\"image\":{\"@type\":\"ImageObject\",\"inLanguage\":\"en-US\",\"@id\":\"https:\/\/blog.unifr.ch\/create\/#\/schema\/person\/image\/\",\"url\":\"https:\/\/secure.gravatar.com\/avatar\/18ab390bd4abfb5028b4deb241b61663766991216d7493474d3dc827b23d70f7?s=96&d=blank&r=g\",\"contentUrl\":\"https:\/\/secure.gravatar.com\/avatar\/18ab390bd4abfb5028b4deb241b61663766991216d7493474d3dc827b23d70f7?s=96&d=blank&r=g\",\"caption\":\"Alexander F. Koch\"},\"url\":\"https:\/\/blog.unifr.ch\/create\/author\/alexanderkoch\/\"}]}<\/script>\n<!-- \/ Yoast SEO plugin. -->","yoast_head_json":{"title":"Tablets f\u00fcr alle: OS Sense mandatiert CRE\/ATE zur wissenschaftlichen Begleitung der 1zu1-Strategie | CRE\/ATE","robots":{"index":"index","follow":"follow","max-snippet":"max-snippet:-1","max-image-preview":"max-image-preview:large","max-video-preview":"max-video-preview:-1"},"canonical":"https:\/\/blog.unifr.ch\/create\/tablets-fur-alle-os-sense-mandatiert-cre-ate-zur-wissenschaftlichen-begleitung-der-1zu1-strategie\/","og_locale":"en_US","og_type":"article","og_title":"Tablets f\u00fcr alle: OS Sense mandatiert CRE\/ATE zur wissenschaftlichen Begleitung der 1zu1-Strategie | CRE\/ATE","og_description":"In den deutschsprachigen Orientierungsschulen des Kantons Freiburg werden die Lehrpersonen ab 2020 sowie alle Sch\u00fclerinnen und Sch\u00fcler ab 2021 mit Tablets ausgestattet. Das Ziel ist es, die Digitalisierung fl\u00e4chendeckend und leicht zug\u00e4nglich in die Schulen zu bringen. Gleichwohl wird mit der 1zu1-Strategie eine umfassende Grundlage f\u00fcr den Perspektivrahmen des Lehrplans 21 gelegt: Nutzung neue\/ digitaler [&hellip;]","og_url":"https:\/\/blog.unifr.ch\/create\/tablets-fur-alle-os-sense-mandatiert-cre-ate-zur-wissenschaftlichen-begleitung-der-1zu1-strategie\/","og_site_name":"CRE\/ATE","article_published_time":"2020-02-27T12:48:00+00:00","og_image":[{"width":1280,"height":853,"url":"https:\/\/blog.unifr.ch\/create\/wp-content\/uploads\/sites\/6\/2020\/02\/tablet.jpg","type":"image\/jpeg"}],"author":"Alexander F. Koch","twitter_card":"summary_large_image","twitter_misc":{"Written by":"Alexander F. Koch","Est. reading time":"1 minute"},"schema":{"@context":"https:\/\/schema.org","@graph":[{"@type":"Article","@id":"https:\/\/blog.unifr.ch\/create\/tablets-fur-alle-os-sense-mandatiert-cre-ate-zur-wissenschaftlichen-begleitung-der-1zu1-strategie\/#article","isPartOf":{"@id":"https:\/\/blog.unifr.ch\/create\/tablets-fur-alle-os-sense-mandatiert-cre-ate-zur-wissenschaftlichen-begleitung-der-1zu1-strategie\/"},"author":{"name":"Alexander F. Koch","@id":"https:\/\/blog.unifr.ch\/create\/#\/schema\/person\/a04a6574b182c366548e019eed831f74"},"headline":"Tablets f\u00fcr alle: OS Sense mandatiert CRE\/ATE zur wissenschaftlichen Begleitung der 1zu1-Strategie","datePublished":"2020-02-27T12:48:00+00:00","mainEntityOfPage":{"@id":"https:\/\/blog.unifr.ch\/create\/tablets-fur-alle-os-sense-mandatiert-cre-ate-zur-wissenschaftlichen-begleitung-der-1zu1-strategie\/"},"wordCount":253,"commentCount":0,"publisher":{"@id":"https:\/\/blog.unifr.ch\/create\/#organization"},"image":{"@id":"https:\/\/blog.unifr.ch\/create\/tablets-fur-alle-os-sense-mandatiert-cre-ate-zur-wissenschaftlichen-begleitung-der-1zu1-strategie\/#primaryimage"},"thumbnailUrl":"https:\/\/blog.unifr.ch\/create\/wp-content\/uploads\/2020\/02\/tablet.jpg","articleSection":["Non class\u00e9"],"inLanguage":"en-US","potentialAction":[{"@type":"CommentAction","name":"Comment","target":["https:\/\/blog.unifr.ch\/create\/tablets-fur-alle-os-sense-mandatiert-cre-ate-zur-wissenschaftlichen-begleitung-der-1zu1-strategie\/#respond"]}]},{"@type":"WebPage","@id":"https:\/\/blog.unifr.ch\/create\/tablets-fur-alle-os-sense-mandatiert-cre-ate-zur-wissenschaftlichen-begleitung-der-1zu1-strategie\/","url":"https:\/\/blog.unifr.ch\/create\/tablets-fur-alle-os-sense-mandatiert-cre-ate-zur-wissenschaftlichen-begleitung-der-1zu1-strategie\/","name":"Tablets f\u00fcr alle: OS Sense mandatiert CRE\/ATE zur wissenschaftlichen Begleitung der 1zu1-Strategie | CRE\/ATE","isPartOf":{"@id":"https:\/\/blog.unifr.ch\/create\/#website"},"primaryImageOfPage":{"@id":"https:\/\/blog.unifr.ch\/create\/tablets-fur-alle-os-sense-mandatiert-cre-ate-zur-wissenschaftlichen-begleitung-der-1zu1-strategie\/#primaryimage"},"image":{"@id":"https:\/\/blog.unifr.ch\/create\/tablets-fur-alle-os-sense-mandatiert-cre-ate-zur-wissenschaftlichen-begleitung-der-1zu1-strategie\/#primaryimage"},"thumbnailUrl":"https:\/\/blog.unifr.ch\/create\/wp-content\/uploads\/2020\/02\/tablet.jpg","datePublished":"2020-02-27T12:48:00+00:00","breadcrumb":{"@id":"https:\/\/blog.unifr.ch\/create\/tablets-fur-alle-os-sense-mandatiert-cre-ate-zur-wissenschaftlichen-begleitung-der-1zu1-strategie\/#breadcrumb"},"inLanguage":"en-US","potentialAction":[{"@type":"ReadAction","target":["https:\/\/blog.unifr.ch\/create\/tablets-fur-alle-os-sense-mandatiert-cre-ate-zur-wissenschaftlichen-begleitung-der-1zu1-strategie\/"]}]},{"@type":"ImageObject","inLanguage":"en-US","@id":"https:\/\/blog.unifr.ch\/create\/tablets-fur-alle-os-sense-mandatiert-cre-ate-zur-wissenschaftlichen-begleitung-der-1zu1-strategie\/#primaryimage","url":"https:\/\/blog.unifr.ch\/create\/wp-content\/uploads\/2020\/02\/tablet.jpg","contentUrl":"https:\/\/blog.unifr.ch\/create\/wp-content\/uploads\/2020\/02\/tablet.jpg","width":1280,"height":853},{"@type":"BreadcrumbList","@id":"https:\/\/blog.unifr.ch\/create\/tablets-fur-alle-os-sense-mandatiert-cre-ate-zur-wissenschaftlichen-begleitung-der-1zu1-strategie\/#breadcrumb","itemListElement":[{"@type":"ListItem","position":1,"name":"Accueil","item":"https:\/\/blog.unifr.ch\/create\/"},{"@type":"ListItem","position":2,"name":"Tablets f\u00fcr alle: OS Sense mandatiert CRE\/ATE zur wissenschaftlichen Begleitung der 1zu1-Strategie"}]},{"@type":"WebSite","@id":"https:\/\/blog.unifr.ch\/create\/#website","url":"https:\/\/blog.unifr.ch\/create\/","name":"CRE\/ATE","description":"Vers des pratiques r\u00e9fl\u00e9chies du num\u00e9rique en \u00e9ducation | Auf dem Weg zu durchdachten Praktiken der digitalen Technologie im Bildungswesen | Towards thoughtful practices of digital technology in education","publisher":{"@id":"https:\/\/blog.unifr.ch\/create\/#organization"},"potentialAction":[{"@type":"SearchAction","target":{"@type":"EntryPoint","urlTemplate":"https:\/\/blog.unifr.ch\/create\/?s={search_term_string}"},"query-input":{"@type":"PropertyValueSpecification","valueRequired":true,"valueName":"search_term_string"}}],"inLanguage":"en-US"},{"@type":"Organization","@id":"https:\/\/blog.unifr.ch\/create\/#organization","name":"CRE\/ATE","url":"https:\/\/blog.unifr.ch\/create\/","logo":{"@type":"ImageObject","inLanguage":"en-US","@id":"https:\/\/blog.unifr.ch\/create\/#\/schema\/logo\/image\/","url":"https:\/\/blog.unifr.ch\/create\/wp-content\/uploads\/sites\/6\/2019\/05\/logo-square.jpg","contentUrl":"https:\/\/blog.unifr.ch\/create\/wp-content\/uploads\/sites\/6\/2019\/05\/logo-square.jpg","width":500,"height":500,"caption":"CRE\/ATE"},"image":{"@id":"https:\/\/blog.unifr.ch\/create\/#\/schema\/logo\/image\/"}},{"@type":"Person","@id":"https:\/\/blog.unifr.ch\/create\/#\/schema\/person\/a04a6574b182c366548e019eed831f74","name":"Alexander F. Koch","image":{"@type":"ImageObject","inLanguage":"en-US","@id":"https:\/\/blog.unifr.ch\/create\/#\/schema\/person\/image\/","url":"https:\/\/secure.gravatar.com\/avatar\/18ab390bd4abfb5028b4deb241b61663766991216d7493474d3dc827b23d70f7?s=96&d=blank&r=g","contentUrl":"https:\/\/secure.gravatar.com\/avatar\/18ab390bd4abfb5028b4deb241b61663766991216d7493474d3dc827b23d70f7?s=96&d=blank&r=g","caption":"Alexander F. Koch"},"url":"https:\/\/blog.unifr.ch\/create\/author\/alexanderkoch\/"}]}},"_links":{"self":[{"href":"https:\/\/blog.unifr.ch\/create\/wp-json\/wp\/v2\/posts\/926","targetHints":{"allow":["GET"]}}],"collection":[{"href":"https:\/\/blog.unifr.ch\/create\/wp-json\/wp\/v2\/posts"}],"about":[{"href":"https:\/\/blog.unifr.ch\/create\/wp-json\/wp\/v2\/types\/post"}],"author":[{"embeddable":true,"href":"https:\/\/blog.unifr.ch\/create\/wp-json\/wp\/v2\/users\/10"}],"replies":[{"embeddable":true,"href":"https:\/\/blog.unifr.ch\/create\/wp-json\/wp\/v2\/comments?post=926"}],"version-history":[{"count":4,"href":"https:\/\/blog.unifr.ch\/create\/wp-json\/wp\/v2\/posts\/926\/revisions"}],"predecessor-version":[{"id":934,"href":"https:\/\/blog.unifr.ch\/create\/wp-json\/wp\/v2\/posts\/926\/revisions\/934"}],"wp:featuredmedia":[{"embeddable":true,"href":"https:\/\/blog.unifr.ch\/create\/wp-json\/wp\/v2\/media\/930"}],"wp:attachment":[{"href":"https:\/\/blog.unifr.ch\/create\/wp-json\/wp\/v2\/media?parent=926"}],"wp:term":[{"taxonomy":"category","embeddable":true,"href":"https:\/\/blog.unifr.ch\/create\/wp-json\/wp\/v2\/categories?post=926"},{"taxonomy":"post_tag","embeddable":true,"href":"https:\/\/blog.unifr.ch\/create\/wp-json\/wp\/v2\/tags?post=926"}],"curies":[{"name":"wp","href":"https:\/\/api.w.org\/{rel}","templated":true}]}}