{"id":1363,"date":"2022-01-18T20:14:41","date_gmt":"2022-01-18T19:14:41","guid":{"rendered":"https:\/\/blog.unifr.ch\/litteraturejeunesse\/?p=1363"},"modified":"2022-02-20T12:50:24","modified_gmt":"2022-02-20T11:50:24","slug":"une-surprise-pour-paques","status":"publish","type":"post","link":"https:\/\/blog.unifr.ch\/litteraturejeunesse\/2022\/01\/18\/une-surprise-pour-paques\/","title":{"rendered":"Une surprise pour P\u00e2ques"},"content":{"rendered":"<h1><span style=\"color: #2a4727\">R\u00e9sum\u00e9<\/span><\/h1>\n<p>Le lapin de P\u00e2ques vient juste de finir de d\u00e9corer ses \u0153ufs.<br \/>\nIl s&rsquo;appr\u00eate \u00e0 commencer sa distribution, lorsque&#8230; catastrophe ! l&rsquo;anse de son panier c\u00e8de et tous les \u0153ufs se dispersent en roulant jusqu&rsquo;au bas de la colline.<br \/>\nHeureusement, ses amis de la for\u00eat viennent \u00e0 son secours&#8230;<br \/>\nMais sera-t-il pr\u00eat \u00e0 temps pour distribuer ses beaux \u0153ufs multicolores ?<\/p>\n<h1><span style=\"color: #2a4727\">Critique<\/span><\/h1>\n<p>J&rsquo;ai choisi ce livre en tout premier lieu pour les illustrations. Je trouve qu&rsquo;elles sont pleines de douceur et les couleurs s\u2019harmonisent parfaitement. La vari\u00e9t\u00e9 des dessins donne envie que ce soit aux enfants mais \u00e9galement aux adultes de lire le livre. En effet, rien qu&rsquo;en regardant la couverture, on a l&rsquo;envie d&rsquo;en savoir plus et de partir \u00e0 la d\u00e9couverte de cette histoire.<\/p>\n<p>De plus, le lapin passe par diff\u00e9rentes \u00e9motions comme la joie d&rsquo;avoir termin\u00e9 ses \u0153ufs, la peur quand son panier se casse ou encore la tristesse. Tous ces changements peuvent faire \u00e9cho \u00e0 certains ressentis de l&rsquo;enfant. Ce dernier peut alors s&rsquo;identifier au personnage principal repr\u00e9sent\u00e9 par le lapin.<\/p>\n<p><a href=\"https:\/\/blog.unifr.ch\/litteraturejeunesse\/wp-content\/uploads\/sites\/15\/2022\/01\/IMG_3883-1-scaled.jpg\">\u00a0\u00a0\u00a0\u00a0\u00a0\u00a0\u00a0\u00a0 <img loading=\"lazy\" decoding=\"async\" class=\"wp-image-1385 alignnone\" src=\"https:\/\/blog.unifr.ch\/litteraturejeunesse\/wp-content\/uploads\/sites\/15\/2022\/01\/IMG_3883-1-scaled.jpg\" alt=\"\" width=\"210\" height=\"280\" srcset=\"https:\/\/blog.unifr.ch\/litteraturejeunesse\/wp-content\/uploads\/2022\/01\/IMG_3883-1-scaled.jpg 1920w, https:\/\/blog.unifr.ch\/litteraturejeunesse\/wp-content\/uploads\/2022\/01\/IMG_3883-1-768x1024.jpg 768w, https:\/\/blog.unifr.ch\/litteraturejeunesse\/wp-content\/uploads\/2022\/01\/IMG_3883-1-1152x1536.jpg 1152w, https:\/\/blog.unifr.ch\/litteraturejeunesse\/wp-content\/uploads\/2022\/01\/IMG_3883-1-1536x2048.jpg 1536w, https:\/\/blog.unifr.ch\/litteraturejeunesse\/wp-content\/uploads\/2022\/01\/IMG_3883-1-150x200.jpg 150w, https:\/\/blog.unifr.ch\/litteraturejeunesse\/wp-content\/uploads\/2022\/01\/IMG_3883-1-300x400.jpg 300w, https:\/\/blog.unifr.ch\/litteraturejeunesse\/wp-content\/uploads\/2022\/01\/IMG_3883-1-600x800.jpg 600w\" sizes=\"auto, (max-width: 210px) 100vw, 210px\" \/><\/a> \u00a0 \u00a0 \u00a0\u00a0 <img loading=\"lazy\" decoding=\"async\" class=\"wp-image-1384 alignnone\" src=\"https:\/\/blog.unifr.ch\/litteraturejeunesse\/wp-content\/uploads\/sites\/15\/2022\/01\/IMG_3885-1-scaled.jpg\" alt=\"\" width=\"210\" height=\"280\" srcset=\"https:\/\/blog.unifr.ch\/litteraturejeunesse\/wp-content\/uploads\/2022\/01\/IMG_3885-1-scaled.jpg 1920w, https:\/\/blog.unifr.ch\/litteraturejeunesse\/wp-content\/uploads\/2022\/01\/IMG_3885-1-768x1024.jpg 768w, https:\/\/blog.unifr.ch\/litteraturejeunesse\/wp-content\/uploads\/2022\/01\/IMG_3885-1-1152x1536.jpg 1152w, https:\/\/blog.unifr.ch\/litteraturejeunesse\/wp-content\/uploads\/2022\/01\/IMG_3885-1-1536x2048.jpg 1536w, https:\/\/blog.unifr.ch\/litteraturejeunesse\/wp-content\/uploads\/2022\/01\/IMG_3885-1-150x200.jpg 150w, https:\/\/blog.unifr.ch\/litteraturejeunesse\/wp-content\/uploads\/2022\/01\/IMG_3885-1-300x400.jpg 300w, https:\/\/blog.unifr.ch\/litteraturejeunesse\/wp-content\/uploads\/2022\/01\/IMG_3885-1-600x800.jpg 600w\" sizes=\"auto, (max-width: 210px) 100vw, 210px\" \/> \u00a0 \u00a0\u00a0 \u00a0 <a href=\"https:\/\/blog.unifr.ch\/litteraturejeunesse\/wp-content\/uploads\/sites\/15\/2022\/01\/IMG_3886-1-scaled.jpg\"><img loading=\"lazy\" decoding=\"async\" class=\"wp-image-1383 alignnone\" src=\"https:\/\/blog.unifr.ch\/litteraturejeunesse\/wp-content\/uploads\/sites\/15\/2022\/01\/IMG_3886-1-scaled.jpg\" alt=\"\" width=\"210\" height=\"280\" srcset=\"https:\/\/blog.unifr.ch\/litteraturejeunesse\/wp-content\/uploads\/2022\/01\/IMG_3886-1-scaled.jpg 1920w, https:\/\/blog.unifr.ch\/litteraturejeunesse\/wp-content\/uploads\/2022\/01\/IMG_3886-1-768x1024.jpg 768w, https:\/\/blog.unifr.ch\/litteraturejeunesse\/wp-content\/uploads\/2022\/01\/IMG_3886-1-1152x1536.jpg 1152w, https:\/\/blog.unifr.ch\/litteraturejeunesse\/wp-content\/uploads\/2022\/01\/IMG_3886-1-1536x2048.jpg 1536w, https:\/\/blog.unifr.ch\/litteraturejeunesse\/wp-content\/uploads\/2022\/01\/IMG_3886-1-150x200.jpg 150w, https:\/\/blog.unifr.ch\/litteraturejeunesse\/wp-content\/uploads\/2022\/01\/IMG_3886-1-300x400.jpg 300w, https:\/\/blog.unifr.ch\/litteraturejeunesse\/wp-content\/uploads\/2022\/01\/IMG_3886-1-600x800.jpg 600w\" sizes=\"auto, (max-width: 210px) 100vw, 210px\" \/><\/a><\/p>\n<p>C&rsquo;est alors que les animaux de la for\u00eat viennent en aide au petit lapin afin qu&rsquo;il puisse retrouver et distribuer ses \u0153ufs dans les temps. Les valeurs transmises \u00e0 ce moment l\u00e0 sont donc la bienveillance, l&rsquo;entraide et l&rsquo;encouragement. Ces 3 valeurs font parties de celles qui sont des plus importantes \u00e0 transmettre aux enfants.<\/p>\n<p><a href=\"https:\/\/blog.unifr.ch\/litteraturejeunesse\/wp-content\/uploads\/sites\/15\/2022\/01\/IMG_3887-1-scaled.jpg\">\u00a0\u00a0\u00a0\u00a0\u00a0\u00a0\u00a0\u00a0\u00a0\u00a0\u00a0\u00a0\u00a0\u00a0\u00a0\u00a0\u00a0\u00a0\u00a0\u00a0\u00a0\u00a0\u00a0\u00a0\u00a0\u00a0\u00a0\u00a0\u00a0\u00a0\u00a0 <img loading=\"lazy\" decoding=\"async\" class=\"wp-image-1382 alignnone\" src=\"https:\/\/blog.unifr.ch\/litteraturejeunesse\/wp-content\/uploads\/sites\/15\/2022\/01\/IMG_3887-1-scaled.jpg\" alt=\"\" width=\"210\" height=\"280\" srcset=\"https:\/\/blog.unifr.ch\/litteraturejeunesse\/wp-content\/uploads\/2022\/01\/IMG_3887-1-scaled.jpg 1920w, https:\/\/blog.unifr.ch\/litteraturejeunesse\/wp-content\/uploads\/2022\/01\/IMG_3887-1-768x1024.jpg 768w, https:\/\/blog.unifr.ch\/litteraturejeunesse\/wp-content\/uploads\/2022\/01\/IMG_3887-1-1152x1536.jpg 1152w, https:\/\/blog.unifr.ch\/litteraturejeunesse\/wp-content\/uploads\/2022\/01\/IMG_3887-1-1536x2048.jpg 1536w, https:\/\/blog.unifr.ch\/litteraturejeunesse\/wp-content\/uploads\/2022\/01\/IMG_3887-1-150x200.jpg 150w, https:\/\/blog.unifr.ch\/litteraturejeunesse\/wp-content\/uploads\/2022\/01\/IMG_3887-1-300x400.jpg 300w, https:\/\/blog.unifr.ch\/litteraturejeunesse\/wp-content\/uploads\/2022\/01\/IMG_3887-1-600x800.jpg 600w\" sizes=\"auto, (max-width: 210px) 100vw, 210px\" \/>\u00a0\u00a0\u00a0\u00a0\u00a0\u00a0\u00a0<\/a> <a href=\"https:\/\/blog.unifr.ch\/litteraturejeunesse\/wp-content\/uploads\/sites\/15\/2022\/01\/IMG_3889-1-scaled.jpg\"><img loading=\"lazy\" decoding=\"async\" class=\"wp-image-1380 alignnone\" src=\"https:\/\/blog.unifr.ch\/litteraturejeunesse\/wp-content\/uploads\/sites\/15\/2022\/01\/IMG_3889-1-scaled.jpg\" alt=\"\" width=\"210\" height=\"280\" srcset=\"https:\/\/blog.unifr.ch\/litteraturejeunesse\/wp-content\/uploads\/2022\/01\/IMG_3889-1-scaled.jpg 1920w, https:\/\/blog.unifr.ch\/litteraturejeunesse\/wp-content\/uploads\/2022\/01\/IMG_3889-1-768x1024.jpg 768w, https:\/\/blog.unifr.ch\/litteraturejeunesse\/wp-content\/uploads\/2022\/01\/IMG_3889-1-1152x1536.jpg 1152w, https:\/\/blog.unifr.ch\/litteraturejeunesse\/wp-content\/uploads\/2022\/01\/IMG_3889-1-1536x2048.jpg 1536w, https:\/\/blog.unifr.ch\/litteraturejeunesse\/wp-content\/uploads\/2022\/01\/IMG_3889-1-150x200.jpg 150w, https:\/\/blog.unifr.ch\/litteraturejeunesse\/wp-content\/uploads\/2022\/01\/IMG_3889-1-300x400.jpg 300w, https:\/\/blog.unifr.ch\/litteraturejeunesse\/wp-content\/uploads\/2022\/01\/IMG_3889-1-600x800.jpg 600w\" sizes=\"auto, (max-width: 210px) 100vw, 210px\" \/><\/a><\/p>\n<p>Pour les douces illustrations, les \u00e9motions et la transmission des valeurs je recommande ce livre sans h\u00e9sitation.<\/p>\n<p>Je conseillerais donc ce livre plut\u00f4t pour des jeunes enfants bien qu&rsquo;\u00e0 tout \u00e2ge il est important de rappeler que l&rsquo;amiti\u00e9 et l&rsquo;entraide sont primordiales pour une harmonie et un \u00e9quilibre. De plus, les images ajoutent un charme \u00e0 l&rsquo;histoire.<\/p>\n<h1><span style=\"color: #2a4727\">Dans l&rsquo;enseignement<\/span><\/h1>\n<p>Ce livre est parfait \u00e0 utiliser lors de la p\u00e9riode de P\u00e2ques ou du printemps. On pourrait prendre comme exemple les \u0153ufs d\u00e9cor\u00e9s du livre pour faire des dessins ou bricolage. L&rsquo;enseignant.e pourrait le lire pour introduire le th\u00e8me de P\u00e2ques par exemple.<\/p>\n<p>On pourrait aussi utiliser les diff\u00e9rents ressentis du lapin (satisfaction, peur, d\u00e9ception&#8230;) pour travailler en classe les \u00e9motions et la gestion de ces derni\u00e8res.<\/p>\n<p>Un livre de la m\u00eame auteure sur un sujet oppos\u00e9 (le th\u00e8me de No\u00ebl) que j&rsquo;aurais envie de lire :<\/p>\n<p>\u00ab\u00a0le cadeau de No\u00ebl d&rsquo;Emilie\u00a0\u00bb<\/p>\n<h1><span style=\"color: #2a4727\">Fiche pratique<\/span><\/h1>\n<p><span style=\"color: #2a4727\"><strong>A<\/strong><\/span>uteure : Nancy E.Walker-Guye<\/p>\n<p><span style=\"color: #2a4727\"><strong>I<\/strong><\/span>llustrateur : Igor Ole\u00efnikov<\/p>\n<p><span style=\"color: #2a4727\"><strong>M<\/strong><\/span>aison d&rsquo;\u00e9dition : Nord-Sud<\/p>\n<p><span style=\"color: #2a4727\"><strong>D<\/strong><\/span>ate de parution : mars 2005<\/p>\n<p><span style=\"color: #2a4727\"><strong>A<\/strong><\/span>ge conseill\u00e9 : 1-2H<\/p>\n<p>&nbsp;<\/p>\n<p>Les images proviennent du livre en lui-m\u00eame.<\/p>\n<p>&nbsp;<\/p>\n<p>Article r\u00e9dig\u00e9 par Romane Vonlanthen 1.4F<\/p>\n<p>&nbsp;<\/p>\n","protected":false},"excerpt":{"rendered":"<p>Le lapin de P\u00e2ques vient juste de finir de d\u00e9corer ses \u0153ufs.<br \/>\nIl s&rsquo;appr\u00eate \u00e0 commencer sa distribution, lorsque&#8230; catastrophe !  l&rsquo;anse de son panier c\u00e8de et tous les \u0153ufs se dispersent en roulant jusqu au bas de la colline&#8230;<\/p>\n","protected":false},"author":26,"featured_media":1365,"comment_status":"closed","ping_status":"closed","sticky":false,"template":"","format":"standard","meta":{"_acf_changed":false,"footnotes":""},"categories":[20],"tags":[],"class_list":["post-1363","post","type-post","status-publish","format-standard","has-post-thumbnail","hentry","category-fetes-et-saisons"],"acf":[],"_links":{"self":[{"href":"https:\/\/blog.unifr.ch\/litteraturejeunesse\/wp-json\/wp\/v2\/posts\/1363","targetHints":{"allow":["GET"]}}],"collection":[{"href":"https:\/\/blog.unifr.ch\/litteraturejeunesse\/wp-json\/wp\/v2\/posts"}],"about":[{"href":"https:\/\/blog.unifr.ch\/litteraturejeunesse\/wp-json\/wp\/v2\/types\/post"}],"author":[{"embeddable":true,"href":"https:\/\/blog.unifr.ch\/litteraturejeunesse\/wp-json\/wp\/v2\/users\/26"}],"replies":[{"embeddable":true,"href":"https:\/\/blog.unifr.ch\/litteraturejeunesse\/wp-json\/wp\/v2\/comments?post=1363"}],"version-history":[{"count":13,"href":"https:\/\/blog.unifr.ch\/litteraturejeunesse\/wp-json\/wp\/v2\/posts\/1363\/revisions"}],"predecessor-version":[{"id":1416,"href":"https:\/\/blog.unifr.ch\/litteraturejeunesse\/wp-json\/wp\/v2\/posts\/1363\/revisions\/1416"}],"wp:featuredmedia":[{"embeddable":true,"href":"https:\/\/blog.unifr.ch\/litteraturejeunesse\/wp-json\/wp\/v2\/media\/1365"}],"wp:attachment":[{"href":"https:\/\/blog.unifr.ch\/litteraturejeunesse\/wp-json\/wp\/v2\/media?parent=1363"}],"wp:term":[{"taxonomy":"category","embeddable":true,"href":"https:\/\/blog.unifr.ch\/litteraturejeunesse\/wp-json\/wp\/v2\/categories?post=1363"},{"taxonomy":"post_tag","embeddable":true,"href":"https:\/\/blog.unifr.ch\/litteraturejeunesse\/wp-json\/wp\/v2\/tags?post=1363"}],"curies":[{"name":"wp","href":"https:\/\/api.w.org\/{rel}","templated":true}]}}