{"id":467,"date":"2022-01-06T18:28:01","date_gmt":"2022-01-06T17:28:01","guid":{"rendered":"https:\/\/blog.unifr.ch\/litteraturejeunesse\/?p=467"},"modified":"2022-01-19T15:33:47","modified_gmt":"2022-01-19T14:33:47","slug":"la-legende-du-colibri","status":"publish","type":"post","link":"https:\/\/blog.unifr.ch\/litteraturejeunesse\/2022\/01\/06\/la-legende-du-colibri\/","title":{"rendered":"La l\u00e9gende du colibri"},"content":{"rendered":"<p>&nbsp;<\/p>\n<blockquote><p>\u00ab\u00a0Je sais bien que je n&rsquo;y arriverai pas tout seul, mais je fais ma part.\u00a0\u00bb <!--more--><\/p><\/blockquote>\n<p><a href=\"https:\/\/blog.unifr.ch\/litteraturejeunesse\/2022\/01\/06\/la-legende-du-colibri\/page-de-garde-la-legende-du-colibri-2\/\" rel=\"attachment wp-att-471\"><img loading=\"lazy\" decoding=\"async\" class=\"wp-image-471 aligncenter\" src=\"https:\/\/blog.unifr.ch\/litteraturejeunesse\/wp-content\/uploads\/sites\/15\/2022\/01\/page-de-garde-la-legende-du-colibri-1.jpg\" alt=\"\" width=\"263\" height=\"329\" srcset=\"https:\/\/blog.unifr.ch\/litteraturejeunesse\/wp-content\/uploads\/2022\/01\/page-de-garde-la-legende-du-colibri-1.jpg 768w, https:\/\/blog.unifr.ch\/litteraturejeunesse\/wp-content\/uploads\/2022\/01\/page-de-garde-la-legende-du-colibri-1-160x200.jpg 160w, https:\/\/blog.unifr.ch\/litteraturejeunesse\/wp-content\/uploads\/2022\/01\/page-de-garde-la-legende-du-colibri-1-320x400.jpg 320w, https:\/\/blog.unifr.ch\/litteraturejeunesse\/wp-content\/uploads\/2022\/01\/page-de-garde-la-legende-du-colibri-1-640x800.jpg 640w\" sizes=\"auto, (max-width: 263px) 100vw, 263px\" \/><\/a><\/p>\n<p>La l\u00e9gende du colibri de Denis Kormann a \u00e9t\u00e9 publi\u00e9e en 2013 par la maison d\u2019\u00e9dition Actes Sud Junior. Un CD accompagne ce livre avec l\u2019histoire racont\u00e9e par Zaz ainsi que deux chansons interpr\u00e9t\u00e9es par cette chanteuse. Il y a \u00e9galement une postface de Pierre Rabhi \u00e0 la fin du livre.<\/p>\n<h1>R\u00e9sum\u00e9:<\/h1>\n<p>Le r\u00e9cit se situe dans la for\u00eat de l\u2019Amazonie avec les animaux de la jungle. Tandis que le jaguar et l\u2019anaconda sont les ma\u00eetres des lieux admir\u00e9s pour leur habilit\u00e9 et leur courage, le petit colibri est souvent sujet \u00e0 des moqueries envers sa petite taille. Il reste donc souvent \u00e0 l\u2019\u00e9cart des autres. Un jour, un gros nuage noir appara\u00eet et un orage \u00e9clate dans le ciel. Puis un \u00e9clair tombe sur un arbre qui prend directement feu. Tous les animaux se r\u00e9fugient vers un point d\u2019eau. Ils ne peuvent qu\u2019observer le d\u00e9sastre que l\u2019immense incendie est en train de produire. Tous\u2026 sauf le colibri. Mais que peut bien faire ce si petit animal face \u00e0 ces \u00e9normes flammes ? Il ne pense quand m\u00eame pas pouvoir \u00e9teindre l\u2019incendie ?<\/p>\n<p><a style=\"font-size: 18px\" href=\"https:\/\/blog.unifr.ch\/litteraturejeunesse\/2022\/01\/06\/la-legende-du-colibri\/page-la-legende-du-colibri\/\" rel=\"attachment wp-att-469\"><img loading=\"lazy\" decoding=\"async\" class=\" wp-image-469 aligncenter\" src=\"https:\/\/blog.unifr.ch\/litteraturejeunesse\/wp-content\/uploads\/sites\/15\/2022\/01\/page-la-legende-du-colibri.jpg\" alt=\"\" width=\"526\" height=\"325\" srcset=\"https:\/\/blog.unifr.ch\/litteraturejeunesse\/wp-content\/uploads\/2022\/01\/page-la-legende-du-colibri.jpg 1006w, https:\/\/blog.unifr.ch\/litteraturejeunesse\/wp-content\/uploads\/2022\/01\/page-la-legende-du-colibri-768x475.jpg 768w, https:\/\/blog.unifr.ch\/litteraturejeunesse\/wp-content\/uploads\/2022\/01\/page-la-legende-du-colibri-323x200.jpg 323w, https:\/\/blog.unifr.ch\/litteraturejeunesse\/wp-content\/uploads\/2022\/01\/page-la-legende-du-colibri-647x400.jpg 647w\" sizes=\"auto, (max-width: 526px) 100vw, 526px\" \/><\/a><\/p>\n<h1><strong>Critique:\u00a0<\/strong><\/h1>\n<p>J\u2019ai trouv\u00e9 cet ouvrage tr\u00e8s int\u00e9ressant m\u00eame en tant qu\u2019adulte. Les couleurs de la page de couverture m\u2019ont directement attir\u00e9es. La mise en page est tr\u00e8s sympa et les images nous plongent dans le d\u00e9cor de la jungle car cela prend toutes les pages. Les couleurs sont magnifiques. En revanche, le texte est parfois un peu cach\u00e9 par l\u2019image. En effet, cela pourrait \u00eatre une difficult\u00e9 si un enfant commence \u00e0 apprendre \u00e0 lire et veut lire l\u2019histoire seul. Il faudrait \u00e9crire le texte en plus grand mais je comprends le choix de l\u2019auteur de laisser la priorit\u00e9 aux images. La possibilit\u00e9 d\u2019\u00e9couter l\u2019histoire que Zaz raconte est \u00e9galement chouette car il y a des sons qui nous mettent dans l\u2019ambiance de l&rsquo;histoire et dans l&rsquo;atmosph\u00e8re de la for\u00eat.<\/p>\n<p>Concernant l\u2019histoire en elle-m\u00eame, je pense qu\u2019elle est tr\u00e8s jolie et j\u2019aime particuli\u00e8rement bien la morale \u00e0 la fin. Les animaux repr\u00e9sentent ici notre soci\u00e9t\u00e9 d\u2019\u00eatre humain et nous pouvons totalement nous identifier \u00e0 eux. En effet, comme dans notre soci\u00e9t\u00e9, il y a certains qui sont mis \u00e0 l\u2019\u00e9cart des autres \u00e0 cause de leurs diff\u00e9rences. J\u2019aime bien le suspens laiss\u00e9 \u00e0 la fin du livre car cela prouve que l\u2019important ce n\u2019est pas l\u2019histoire mais ce qu\u2019elle veut raconter.<\/p>\n<p>Je pense que ce livre est adapt\u00e9 aux enfants \u00e0 partir de 4 ans. Mais c\u2019est seulement plus \u00e2g\u00e9s que les enfants pourront comprendre le vrai int\u00e9r\u00eat de cette histoire. En effet, cet ouvrage sensibilise les jeunes \u00e0 l\u2019\u00e9cologie, la solidarit\u00e9 et l\u2019engagement. Ce livre peut tr\u00e8s bien \u00eatre \u00e9tudi\u00e9 en classe car il y a un vrai but autour de l\u2019histoire. Effectivement, dans la postface, Pierre Rabhi nous explique l\u2019importance de prot\u00e9ger notre plan\u00e8te et nous parle du mouvement Colibris. Il donne \u00e9galement des conseils afin de pouvoir prot\u00e9ger notre environnement \u00e0 notre petite \u00e9chelle. Les paroles des deux chansons qui sont sur le CD sont \u00e9galement \u00e0 la fin du livre et donnent la possibilit\u00e9 d\u2019apprendre un de ces chant en classe avec les \u00e9l\u00e8ves.<\/p>\n<p style=\"text-align: right\">Marine Progin<\/p>\n","protected":false},"excerpt":{"rendered":"<p>&nbsp; \u00ab\u00a0Je sais bien que je n&rsquo;y arriverai pas tout seul, mais je fais ma part.\u00a0\u00bb<\/p>\n","protected":false},"author":26,"featured_media":471,"comment_status":"closed","ping_status":"closed","sticky":false,"template":"","format":"standard","meta":{"_acf_changed":false,"footnotes":""},"categories":[3],"tags":[],"class_list":["post-467","post","type-post","status-publish","format-standard","has-post-thumbnail","hentry","category-mythes-et-legendes"],"acf":[],"_links":{"self":[{"href":"https:\/\/blog.unifr.ch\/litteraturejeunesse\/wp-json\/wp\/v2\/posts\/467","targetHints":{"allow":["GET"]}}],"collection":[{"href":"https:\/\/blog.unifr.ch\/litteraturejeunesse\/wp-json\/wp\/v2\/posts"}],"about":[{"href":"https:\/\/blog.unifr.ch\/litteraturejeunesse\/wp-json\/wp\/v2\/types\/post"}],"author":[{"embeddable":true,"href":"https:\/\/blog.unifr.ch\/litteraturejeunesse\/wp-json\/wp\/v2\/users\/26"}],"replies":[{"embeddable":true,"href":"https:\/\/blog.unifr.ch\/litteraturejeunesse\/wp-json\/wp\/v2\/comments?post=467"}],"version-history":[{"count":14,"href":"https:\/\/blog.unifr.ch\/litteraturejeunesse\/wp-json\/wp\/v2\/posts\/467\/revisions"}],"predecessor-version":[{"id":479,"href":"https:\/\/blog.unifr.ch\/litteraturejeunesse\/wp-json\/wp\/v2\/posts\/467\/revisions\/479"}],"wp:featuredmedia":[{"embeddable":true,"href":"https:\/\/blog.unifr.ch\/litteraturejeunesse\/wp-json\/wp\/v2\/media\/471"}],"wp:attachment":[{"href":"https:\/\/blog.unifr.ch\/litteraturejeunesse\/wp-json\/wp\/v2\/media?parent=467"}],"wp:term":[{"taxonomy":"category","embeddable":true,"href":"https:\/\/blog.unifr.ch\/litteraturejeunesse\/wp-json\/wp\/v2\/categories?post=467"},{"taxonomy":"post_tag","embeddable":true,"href":"https:\/\/blog.unifr.ch\/litteraturejeunesse\/wp-json\/wp\/v2\/tags?post=467"}],"curies":[{"name":"wp","href":"https:\/\/api.w.org\/{rel}","templated":true}]}}