{"id":4920,"date":"2024-01-17T23:41:26","date_gmt":"2024-01-17T22:41:26","guid":{"rendered":"https:\/\/blog.unifr.ch\/litteraturejeunesse\/?p=4920"},"modified":"2024-01-17T23:55:42","modified_gmt":"2024-01-17T22:55:42","slug":"princesse-moustache","status":"publish","type":"post","link":"https:\/\/blog.unifr.ch\/litteraturejeunesse\/2024\/01\/17\/princesse-moustache\/","title":{"rendered":"Princesse Moustache"},"content":{"rendered":"<p data-wp-editing=\"1\">\u00a0<\/p>\r\n<h1><strong>La moustache de la princesse, fera-t-elle fuir ou fera-t-elle envie\u00a0?<\/strong><\/h1>\r\n<p><!--more--><\/p>\r\n<p data-wp-editing=\"1\"><strong style=\"color: #ffcc00\">Informations g\u00e9n\u00e9rales<\/strong><\/p>\r\n<p>Auteure\u00a0: \u00c8ve-Marie Lobriaut<\/p>\r\n<p>Illustratrice\u00a0: Aur\u00e9lie Grand<\/p>\r\n<p>Maison d\u2019\u00e9dition\u00a0: Gl\u00e9nat Jeunesse<\/p>\r\n<p>Date de parution\u00a0: 14 avril 2021<\/p>\r\n<p>\u00c2ge\u00a0: 3-5 ans<\/p>\r\n<p>&nbsp;<\/p>\r\n<p style=\"font-weight: 400\"><span style=\"color: #ffcc00\"><strong>R\u00e9sum\u00e9<\/strong><\/span><\/p>\r\n<p>Le roi et la reine ne parviennent pas \u00e0 avoir d\u2019enfant, jusqu\u2019\u00e0 ce qu&rsquo;ils d\u00e9couvrent devant leur porte un b\u00e9b\u00e9 emmitoufl\u00e9\u2026 C&rsquo;est une fille qui est magnifique et qui rend le couple tr\u00e8s heureux, cependant\u2026 un l\u00e9ger duvet sous son nez se transforme avec le temps en\u2026 MOUSTACHE\u00a0!\u00a0Cette moustache reste un tabou jusqu\u2019au jour de son premier bal o\u00f9\u2026 elle est expos\u00e9e au monde ext\u00e9rieur et fait face \u00e0 la cruaut\u00e9 de l\u2019\u00eatre humain.<\/p>\r\n<p>&nbsp;<\/p>\r\n<p><!--more--><a href=\"https:\/\/blog.unifr.ch\/litteraturejeunesse\/2024\/01\/17\/princesse-moustache\/capture-decran-2024-01-17-a-23-15-00\/\" rel=\"attachment wp-att-5057\"><img loading=\"lazy\" decoding=\"async\" class=\"wp-image-5057 aligncenter\" src=\"https:\/\/blog.unifr.ch\/litteraturejeunesse\/wp-content\/uploads\/sites\/15\/2024\/01\/Capture-decran-2024-01-17-a-23.15.00.jpg\" alt=\"\" width=\"243\" height=\"359\" srcset=\"https:\/\/blog.unifr.ch\/litteraturejeunesse\/wp-content\/uploads\/2024\/01\/Capture-decran-2024-01-17-a-23.15.00.jpg 966w, https:\/\/blog.unifr.ch\/litteraturejeunesse\/wp-content\/uploads\/2024\/01\/Capture-decran-2024-01-17-a-23.15.00-768x1134.jpg 768w, https:\/\/blog.unifr.ch\/litteraturejeunesse\/wp-content\/uploads\/2024\/01\/Capture-decran-2024-01-17-a-23.15.00-135x200.jpg 135w, https:\/\/blog.unifr.ch\/litteraturejeunesse\/wp-content\/uploads\/2024\/01\/Capture-decran-2024-01-17-a-23.15.00-271x400.jpg 271w, https:\/\/blog.unifr.ch\/litteraturejeunesse\/wp-content\/uploads\/2024\/01\/Capture-decran-2024-01-17-a-23.15.00-542x800.jpg 542w\" sizes=\"auto, (max-width: 243px) 100vw, 243px\" \/><\/a><\/p>\r\n<p>&nbsp;<\/p>\r\n<p><!--more-->Ses parents d\u00e9cident alors de tout faire pour que sa moustache disparaisse\u00a0! Tous les efforts destin\u00e9s \u00e0 faire dispara\u00eetre cette moustache ont \u00e9chou\u00e9, la princesse en a assez. F\u00e2ch\u00e9e, elle prend ses affaires et quitte le royaume\u00a0! C\u2019est alors qu\u2019elle fait la rencontre d\u2019un barbier qui lui taille une somptueuse moustache. Toute fi\u00e8re, elle rentre au royaume et le peuple l\u2019accueille avec enthousiasme. La princesse devient la barbi\u00e8re officielle du palais \u00e0 qui toutes les dames du royaume aimeraient ressembler.<\/p>\r\n<p>&nbsp;<\/p>\r\n<p><span style=\"color: #ffcc00\"><strong>Pourquoi ai-je choisi ce livre\u00a0?<\/strong><\/span><\/p>\r\n<p>J\u2019accorde beaucoup d\u2019importance \u00e0 la question du genre et je suis persuad\u00e9e que c\u2019est d\u00e8s le plus jeune \u00e2ge que nous pouvons inculquer de belles valeurs \u00e0 la future g\u00e9n\u00e9ration. Dans \u00ab\u00a0Princesse Moustache\u00a0\u00bb, on casse certains clich\u00e9s tout en riant, ce qui permet de sensibiliser les enfants d\u00e8s leur plus jeune \u00e2ge. Je le lirais volontiers dans des classes du premier cycle car \u00eatre diff\u00e9rent peut malheureusement \u00eatre sujet \u00e0 des moqueries \u00e0 l\u2019\u00e9cole. En effet il n\u2019est pas toujours facile de se faire accepter tel que l\u2019on est, c\u2019est donc important d\u2019aborder ce genre de sujet en classe.<\/p>\r\n<p>&nbsp;<\/p>\r\n<p><span style=\"color: #ffcc00\"><strong>Regard critique de l\u2019ouvrage<\/strong><\/span><\/p>\r\n<p>J\u2019ai bien appr\u00e9ci\u00e9 cette histoire qui transmet un message de tol\u00e9rance sur la diff\u00e9rence et l\u2019acceptation de soi, tout en abordant habilement la question du genre. L\u2019histoire est sp\u00e9cifiquement recommand\u00e9e pour des enfants entre 3 et 5 ans et je trouve que cela correspond \u00e0 cette tranche d\u2019\u00e2ge.<\/p>\r\n<p>Le texte est agr\u00e9ment\u00e9 de portraits amusants et de plusieurs rimes, qui permettent de rythmer l\u2019histoire tout en faisant rire.<\/p>\r\n<p>Je trouve cependant que cette histoire, bien qu\u2019elle \u00ab\u00a0casse des codes\u00a0\u00bb reste tout de m\u00eame ancr\u00e9e dans des clich\u00e9s, sa moustache \u00e9tant la seule chose qui sorte des st\u00e9r\u00e9otypes. En effet, la princesse a une peau blanche et une taille fine. Au d\u00e9but elle ne se rend pas compte de sa diff\u00e9rence et du regard des autres car ses parents mettent tout en \u0153uvre pour la \u00ab\u00a0pr\u00e9server\u00a0\u00bb. De plus, je m\u2019interroge sur la raison pour laquelle sa moustache est finalement accept\u00e9e. S\u2019agit-il du fait qu\u2019elle soit si bien taill\u00e9e et qu\u2019elle mette en valeur le temp\u00e9rament de la princesse en lui donnant une belle prestance qu\u2019elle assume, ou, est-ce le simple fait que son retour r\u00e9jouisse ses parents et le reste du royaume \u00e0 tel point qu\u2019il l\u2019accepte avec une moustache\u00a0?<\/p>\r\n<p><!--more--><\/p>\r\n<p><a href=\"https:\/\/blog.unifr.ch\/litteraturejeunesse\/2024\/01\/17\/princesse-moustache\/capture-decran-2024-01-17-a-23-17-44\/\" rel=\"attachment wp-att-5059\"><img loading=\"lazy\" decoding=\"async\" class=\"wp-image-5059 aligncenter\" src=\"https:\/\/blog.unifr.ch\/litteraturejeunesse\/wp-content\/uploads\/sites\/15\/2024\/01\/Capture-decran-2024-01-17-a-23.17.44.jpg\" alt=\"\" width=\"291\" height=\"342\" srcset=\"https:\/\/blog.unifr.ch\/litteraturejeunesse\/wp-content\/uploads\/2024\/01\/Capture-decran-2024-01-17-a-23.17.44.jpg 1096w, https:\/\/blog.unifr.ch\/litteraturejeunesse\/wp-content\/uploads\/2024\/01\/Capture-decran-2024-01-17-a-23.17.44-768x903.jpg 768w, https:\/\/blog.unifr.ch\/litteraturejeunesse\/wp-content\/uploads\/2024\/01\/Capture-decran-2024-01-17-a-23.17.44-170x200.jpg 170w, https:\/\/blog.unifr.ch\/litteraturejeunesse\/wp-content\/uploads\/2024\/01\/Capture-decran-2024-01-17-a-23.17.44-340x400.jpg 340w, https:\/\/blog.unifr.ch\/litteraturejeunesse\/wp-content\/uploads\/2024\/01\/Capture-decran-2024-01-17-a-23.17.44-681x800.jpg 681w\" sizes=\"auto, (max-width: 291px) 100vw, 291px\" \/><\/a><!--more--><\/p>\r\n<p>Notons que dans ce r\u00e9cit la princesse d\u00e9veloppe au long de l\u2019histoire un caract\u00e8re rebelle, courageux et ind\u00e9pendant. Elle fait comprendre \u00e0 ses parents qu\u2019elle peut s\u2019en sortir sans leur aide et d\u00e9cide de prendre son destin en main.<br \/><br \/><\/p>\r\n<p>Finalement, cette histoire a une morale qui vise \u00e0 respecter autrui, mais \u00e9galement \u00e0 se respecter soi-m\u00eame en s\u2019acceptant tel que l\u2019on est, sans se laisser abattre par les moqueries des autres.<\/p>\r\n<p style=\"font-weight: 400\">\u00a0<\/p>\r\n<p style=\"font-weight: 400\">\u00a0<\/p>\r\n<p style=\"font-weight: 400;text-align: right\">Sauter Na\u00efla, 1.6 F<\/p>\r\n","protected":false},"excerpt":{"rendered":"<p>\u00a0 La moustache de la princesse, fera-t-elle fuir ou fera-t-elle envie\u00a0?<\/p>\n","protected":false},"author":26,"featured_media":5042,"comment_status":"closed","ping_status":"closed","sticky":false,"template":"","format":"standard","meta":{"_acf_changed":false,"footnotes":""},"categories":[6],"tags":[],"class_list":["post-4920","post","type-post","status-publish","format-standard","has-post-thumbnail","hentry","category-stereotypes-archetypes"],"acf":[],"_links":{"self":[{"href":"https:\/\/blog.unifr.ch\/litteraturejeunesse\/wp-json\/wp\/v2\/posts\/4920","targetHints":{"allow":["GET"]}}],"collection":[{"href":"https:\/\/blog.unifr.ch\/litteraturejeunesse\/wp-json\/wp\/v2\/posts"}],"about":[{"href":"https:\/\/blog.unifr.ch\/litteraturejeunesse\/wp-json\/wp\/v2\/types\/post"}],"author":[{"embeddable":true,"href":"https:\/\/blog.unifr.ch\/litteraturejeunesse\/wp-json\/wp\/v2\/users\/26"}],"replies":[{"embeddable":true,"href":"https:\/\/blog.unifr.ch\/litteraturejeunesse\/wp-json\/wp\/v2\/comments?post=4920"}],"version-history":[{"count":21,"href":"https:\/\/blog.unifr.ch\/litteraturejeunesse\/wp-json\/wp\/v2\/posts\/4920\/revisions"}],"predecessor-version":[{"id":5084,"href":"https:\/\/blog.unifr.ch\/litteraturejeunesse\/wp-json\/wp\/v2\/posts\/4920\/revisions\/5084"}],"wp:featuredmedia":[{"embeddable":true,"href":"https:\/\/blog.unifr.ch\/litteraturejeunesse\/wp-json\/wp\/v2\/media\/5042"}],"wp:attachment":[{"href":"https:\/\/blog.unifr.ch\/litteraturejeunesse\/wp-json\/wp\/v2\/media?parent=4920"}],"wp:term":[{"taxonomy":"category","embeddable":true,"href":"https:\/\/blog.unifr.ch\/litteraturejeunesse\/wp-json\/wp\/v2\/categories?post=4920"},{"taxonomy":"post_tag","embeddable":true,"href":"https:\/\/blog.unifr.ch\/litteraturejeunesse\/wp-json\/wp\/v2\/tags?post=4920"}],"curies":[{"name":"wp","href":"https:\/\/api.w.org\/{rel}","templated":true}]}}