{"id":8888,"date":"2026-01-20T12:13:27","date_gmt":"2026-01-20T11:13:27","guid":{"rendered":"https:\/\/blog.unifr.ch\/litteraturejeunesse\/?p=8888"},"modified":"2026-01-20T12:13:47","modified_gmt":"2026-01-20T11:13:47","slug":"le-cimetiere-des-mots-doux-7","status":"publish","type":"post","link":"https:\/\/blog.unifr.ch\/litteraturejeunesse\/2026\/01\/20\/le-cimetiere-des-mots-doux-7\/","title":{"rendered":"Le cimeti\u00e8re des mots doux"},"content":{"rendered":"<p style=\"text-align: center\"><strong>R\u00e9sum\u00e9<\/strong><br \/>\nAnnabelle est une petite fille amoureuse de Simon, un jeune gar\u00e7on atteint de<br \/>\nleuc\u00e9mie. Tr\u00e8s proches, ils partagent des moments pr\u00e9cieux, notamment dans une<br \/>\nfor\u00eat que Simon aime particuli\u00e8rement.<br \/>\nMais Simon meurt de sa maladie, et Annabelle est boulevers\u00e9e. Pour faire face au<br \/>\ndeuil, elle trouve une mani\u00e8re douce et personnelle de continuer \u00e0 lui parler : elle lui<br \/>\n\u00e9crit des mots tendres, des souvenirs et des messages d\u2019amour, qu\u2019elle d\u00e9pose dans<br \/>\nla for\u00eat qu\u2019il aimait tant.<\/p>\n<p style=\"text-align: center\">Avez-vous d\u00e9j\u00e0 pleur\u00e9 devant un livre pour enfant ? Moi, jamais. En tout cas, pas<br \/>\navant d\u2019avoir lu celui-ci. C\u2019\u00e9tait la premi\u00e8re fois qu\u2019un livre aussi simple m\u2019\u00e9mouvait<br \/>\nautant. Il m\u2019a profond\u00e9ment marqu\u00e9. Alors j\u2019ai d\u00e9cid\u00e9 de vous en parler, de parler<br \/>\nde ce livre bouleversant.<\/p>\n<p style=\"text-align: center\">Au d\u00e9part, ce qui m\u2019a attir\u00e9e, c\u2019est sa couverture : je la trouvais plut\u00f4t chouette, et<br \/>\nle titre, curieux, m\u2019a intrigu\u00e9e. Je ne me suis m\u00eame pas int\u00e9ress\u00e9e \u00e0 la quatri\u00e8me de<br \/>\ncouverture. Je l\u2019ai pris, et je l\u2019ai ouvert.<\/p>\n<p style=\"text-align: center\">Ce livre est simple, facile \u00e0 lire, facile \u00e0 comprendre, et accompagn\u00e9 d\u2019illustrations<br \/>\n\u00e0 la fois sobres et magnifiques.<\/p>\n<p style=\"text-align: center\">D\u00e8s le d\u00e9but de l\u2019histoire, on comprend la situation : le petit Simon est malade, et il<br \/>\nne va s\u00fbrement pas s\u2019en sortir. Une vague d\u2019\u00e9motion nous envahit alors. On ressent<br \/>\nde la tristesse, de la compassion\u2026 et aussi de l\u2019admiration face \u00e0 Annabelle, si<br \/>\ncourageuse. On se met facilement \u00e0 sa place. Et moi ? Si mon petit Simon mourait?<br \/>\nC\u2019est pourquoi je pense que ce livre est adapt\u00e9 \u00e0 tout le monde. En tout cas, moi,<br \/>\nje le conseille \u00e0 chacun d\u2019entre vous. Mais si je devais pr\u00e9ciser, je le<br \/>\nrecommanderais surtout \u00e0 toutes les personnes qui ont perdu un proche, \u00e0 celles<br \/>\nqui vivent un deuil : aux mamans, aux papas, aux amis, aux enfants, et m\u00eame aux<br \/>\nma\u00eetresses, qu\u2019ont le lise pour soi-m\u00eame ou pour les autres. C\u2019est s\u00fbrement ce que<br \/>\nl\u2019autrice souhaitait.<\/p>\n<p style=\"text-align: center\">D\u2019ailleurs, je me demande \u00e0 mon tour pourquoi elle a d\u00e9cid\u00e9 d\u2019\u00e9crire un livre pareil.<br \/>\nEt pourquoi lui donner cette forme ?<\/p>\n<p style=\"text-align: center\">Le personnage principal est Annabelle. Je n\u2019ai jamais perdu quelqu\u2019un \u00e0 cause<br \/>\nde la leuc\u00e9mie. Pourtant, je m\u2019identifie \u00e0 elle sur bien des points. Car au fond, on<br \/>\nvit tous des deuils : qu\u2019il s\u2019agisse de morts ou de simples pertes, de d\u00e9parts ou de<br \/>\ns\u00e9parations. Et dire au revoir, c\u2019est toujours douloureux, surtout lorsqu\u2019on<br \/>\ncomprend que ce sera pour toujours. J\u2019ai pens\u00e9 \u00e0 toutes ces personnes que j\u2019ai<br \/>\nd\u00fb quitter au cours de ma vie. J\u2019en ai souffert.<\/p>\n<p style=\"text-align: center\">Au fond, la mort finit toujours par arriver. Que ce soit parce que le temps est all\u00e9<br \/>\njusqu\u2019au bout, ou parce qu\u2019il a couru trop vite, nous devons tous nous y pr\u00e9parer.<br \/>\nJe ne changerai pas la fin. Je ne changerai pas le sort de Simon. Mais Annabelle,<br \/>\nm\u00eame d\u00e9truite par la perte de son ami, a su se relever. Et c\u2019est une le\u00e7on \u00e0 retenir<br \/>\n: on ne choisit pas toujours ce qu\u2019on perd, mais on peut choisir ce qu\u2019on en fait.<\/p>\n<blockquote>\n<p style=\"text-align: center\"><img loading=\"lazy\" decoding=\"async\" class=\"alignnone size-full wp-image-8890 aligncenter\" src=\"https:\/\/blog.unifr.ch\/litteraturejeunesse\/wp-content\/uploads\/2026\/01\/images-3.jpeg\" alt=\"Thomas me dit qu\u2019un jour je repenserai \u00e0 Simon avec de la m\u00e9lancolie. \u00ab La m\u00e9lancolie, c\u2019est comme la tristesse, mais avec de la douceur dessus. \u00bb Agn\u00e8s Ledig\" width=\"247\" height=\"204\" srcset=\"https:\/\/blog.unifr.ch\/litteraturejeunesse\/wp-content\/uploads\/2026\/01\/images-3.jpeg 247w, https:\/\/blog.unifr.ch\/litteraturejeunesse\/wp-content\/uploads\/2026\/01\/images-3-242x200.jpeg 242w\" sizes=\"auto, (max-width: 247px) 100vw, 247px\" \/><br \/>\n<em>Thomas me dit qu\u2019un jour je repenserai \u00e0 Simon avec de la m\u00e9lancolie.<\/em><br \/>\n<em>\u00ab La m\u00e9lancolie, c\u2019est comme la tristesse, mais avec de la douceur dessus. \u00bb<\/em><br \/>\n<em>Agn\u00e8s Ledig<\/em><\/p>\n<p>Giordana Maria Grasso 1.6F<\/p><\/blockquote>\n","protected":false},"excerpt":{"rendered":"<p>Auteur : Agn\u00e8s Ledig<br \/>\n\u2022 Illustrateur : Fr\u00e9d\u00e9ric Pillot<br \/>\n\u2022 Maison d\u2019\u00e9dition : Albin Michel Jeunesse<br \/>\n\u2022 Date de parution : 2 janvier 2019<br \/>\n\u2022 \u00c2ge conseill\u00e9 \/ degr\u00e9s : \u00e0 partir de 5 ans<\/p>\n","protected":false},"author":47,"featured_media":8889,"comment_status":"closed","ping_status":"closed","sticky":false,"template":"","format":"standard","meta":{"_acf_changed":false,"footnotes":""},"categories":[116,106,50],"tags":[],"class_list":["post-8888","post","type-post","status-publish","format-standard","has-post-thumbnail","hentry","category-amitie","category-apprentissage-de-la-vie","category-histoire-illustree"],"acf":[],"_links":{"self":[{"href":"https:\/\/blog.unifr.ch\/litteraturejeunesse\/wp-json\/wp\/v2\/posts\/8888","targetHints":{"allow":["GET"]}}],"collection":[{"href":"https:\/\/blog.unifr.ch\/litteraturejeunesse\/wp-json\/wp\/v2\/posts"}],"about":[{"href":"https:\/\/blog.unifr.ch\/litteraturejeunesse\/wp-json\/wp\/v2\/types\/post"}],"author":[{"embeddable":true,"href":"https:\/\/blog.unifr.ch\/litteraturejeunesse\/wp-json\/wp\/v2\/users\/47"}],"replies":[{"embeddable":true,"href":"https:\/\/blog.unifr.ch\/litteraturejeunesse\/wp-json\/wp\/v2\/comments?post=8888"}],"version-history":[{"count":7,"href":"https:\/\/blog.unifr.ch\/litteraturejeunesse\/wp-json\/wp\/v2\/posts\/8888\/revisions"}],"predecessor-version":[{"id":8898,"href":"https:\/\/blog.unifr.ch\/litteraturejeunesse\/wp-json\/wp\/v2\/posts\/8888\/revisions\/8898"}],"wp:featuredmedia":[{"embeddable":true,"href":"https:\/\/blog.unifr.ch\/litteraturejeunesse\/wp-json\/wp\/v2\/media\/8889"}],"wp:attachment":[{"href":"https:\/\/blog.unifr.ch\/litteraturejeunesse\/wp-json\/wp\/v2\/media?parent=8888"}],"wp:term":[{"taxonomy":"category","embeddable":true,"href":"https:\/\/blog.unifr.ch\/litteraturejeunesse\/wp-json\/wp\/v2\/categories?post=8888"},{"taxonomy":"post_tag","embeddable":true,"href":"https:\/\/blog.unifr.ch\/litteraturejeunesse\/wp-json\/wp\/v2\/tags?post=8888"}],"curies":[{"name":"wp","href":"https:\/\/api.w.org\/{rel}","templated":true}]}}