{"id":262,"date":"2020-08-24T10:15:33","date_gmt":"2020-08-24T08:15:33","guid":{"rendered":"https:\/\/blog.unifr.ch\/transformations\/?p=262"},"modified":"2025-11-28T17:58:04","modified_gmt":"2025-11-28T16:58:04","slug":"transformations-des-ressources-au-service-de-la-pedagogie-de-projet-et-de-levaluation-des-competences","status":"publish","type":"post","link":"https:\/\/blog.unifr.ch\/transformations\/2020\/08\/24\/transformations-des-ressources-au-service-de-la-pedagogie-de-projet-et-de-levaluation-des-competences\/","title":{"rendered":"Transformations: d\u2019un concept organisateur \u00e0 une mise en \u0153uvre dans les classes pour d\u00e9velopper des comp\u00e9tences en lien avec la d\u00e9marche d\u2019investigation"},"content":{"rendered":"<p><a href=\"https:\/\/blog.unifr.ch\/transformations\/wp-content\/uploads\/2020\/08\/Pellaudetal.2019.PRISE_.pdf\">Pellaud &amp; al.2019.PRISE<\/a><\/p>\n<p>Francine Pellaud, Gilles Blandenier, Philippe Massiot, Marilyne Bassin<\/p>\n<p>&nbsp;<\/p>\n<p>Article paru dans: Progress in science education, 2019<\/p>\n","protected":false},"excerpt":{"rendered":"<p>Pellaud &amp; al.2019.PRISE Francine Pellaud, Gilles Blandenier, Philippe Massiot, Marilyne Bassin &nbsp; Article paru dans: Progress in science education, 2019<\/p>\n","protected":false},"author":4,"featured_media":0,"comment_status":"closed","ping_status":"closed","sticky":false,"template":"","format":"standard","meta":{"_acf_changed":false,"footnotes":""},"categories":[1],"tags":[],"class_list":["post-262","post","type-post","status-publish","format-standard","hentry","category-non-classe"],"acf":[],"yoast_head":"<!-- This site is optimized with the Yoast SEO plugin v26.4 - https:\/\/yoast.com\/wordpress\/plugins\/seo\/ -->\n<title>Transformations: d\u2019un concept organisateur \u00e0 une mise en \u0153uvre dans les classes pour d\u00e9velopper des comp\u00e9tences en lien avec la d\u00e9marche d\u2019investigation - Transformations<\/title>\n<meta name=\"description\" content=\"Mener en classe une d\u00e9marche d&#039;investigation pour atteindre la r\u00e9alisation d&#039;un projet portant sur des th\u00e9matiques de d\u00e9veloppement durable. Une bonne mani\u00e8re de d\u00e9velopper des comp\u00e9tences tant cognitives que socio-\u00e9motionnelles et m\u00e9tacognitives au travers d&#039;une approche interdisciplinaire.\" \/>\n<meta name=\"robots\" content=\"index, follow, max-snippet:-1, max-image-preview:large, max-video-preview:-1\" \/>\n<link rel=\"canonical\" href=\"https:\/\/blog.unifr.ch\/transformations\/2020\/08\/24\/transformations-des-ressources-au-service-de-la-pedagogie-de-projet-et-de-levaluation-des-competences\/\" \/>\n<meta property=\"og:locale\" content=\"fr_FR\" \/>\n<meta property=\"og:type\" content=\"article\" \/>\n<meta property=\"og:title\" content=\"Transformations: d\u2019un concept organisateur \u00e0 une mise en \u0153uvre dans les classes pour d\u00e9velopper des comp\u00e9tences en lien avec la d\u00e9marche d\u2019investigation - Transformations\" \/>\n<meta property=\"og:description\" content=\"Mener en classe une d\u00e9marche d&#039;investigation pour atteindre la r\u00e9alisation d&#039;un projet portant sur des th\u00e9matiques de d\u00e9veloppement durable. Une bonne mani\u00e8re de d\u00e9velopper des comp\u00e9tences tant cognitives que socio-\u00e9motionnelles et m\u00e9tacognitives au travers d&#039;une approche interdisciplinaire.\" \/>\n<meta property=\"og:url\" content=\"https:\/\/blog.unifr.ch\/transformations\/2020\/08\/24\/transformations-des-ressources-au-service-de-la-pedagogie-de-projet-et-de-levaluation-des-competences\/\" \/>\n<meta property=\"og:site_name\" content=\"Transformations\" \/>\n<meta property=\"article:published_time\" content=\"2020-08-24T08:15:33+00:00\" \/>\n<meta property=\"article:modified_time\" content=\"2025-11-28T16:58:04+00:00\" \/>\n<meta property=\"og:image\" content=\"https:\/\/blog.unifr.ch\/transformations\/wp-content\/uploads\/2019\/05\/Logo-Transformation-blanc.png\" \/>\n\t<meta property=\"og:image:width\" content=\"1436\" \/>\n\t<meta property=\"og:image:height\" content=\"622\" \/>\n\t<meta property=\"og:image:type\" content=\"image\/png\" \/>\n<meta name=\"author\" content=\"pellaudf\" \/>\n<meta name=\"twitter:card\" content=\"summary_large_image\" \/>\n<meta name=\"twitter:label1\" content=\"\u00c9crit par\" \/>\n\t<meta name=\"twitter:data1\" content=\"pellaudf\" \/>\n\t<meta name=\"twitter:label2\" content=\"Dur\u00e9e de lecture estim\u00e9e\" \/>\n\t<meta name=\"twitter:data2\" content=\"1 minute\" \/>\n<script type=\"application\/ld+json\" class=\"yoast-schema-graph\">{\"@context\":\"https:\/\/schema.org\",\"@graph\":[{\"@type\":\"WebPage\",\"@id\":\"https:\/\/blog.unifr.ch\/transformations\/2020\/08\/24\/transformations-des-ressources-au-service-de-la-pedagogie-de-projet-et-de-levaluation-des-competences\/\",\"url\":\"https:\/\/blog.unifr.ch\/transformations\/2020\/08\/24\/transformations-des-ressources-au-service-de-la-pedagogie-de-projet-et-de-levaluation-des-competences\/\",\"name\":\"Transformations: d\u2019un concept organisateur \u00e0 une mise en \u0153uvre dans les classes pour d\u00e9velopper des comp\u00e9tences en lien avec la d\u00e9marche d\u2019investigation - Transformations\",\"isPartOf\":{\"@id\":\"https:\/\/blog.unifr.ch\/transformations\/#website\"},\"datePublished\":\"2020-08-24T08:15:33+00:00\",\"dateModified\":\"2025-11-28T16:58:04+00:00\",\"author\":{\"@id\":\"https:\/\/blog.unifr.ch\/transformations\/#\/schema\/person\/2001c4ae7c494df728ad9774e16b3c63\"},\"description\":\"Mener en classe une d\u00e9marche d'investigation pour atteindre la r\u00e9alisation d'un projet portant sur des th\u00e9matiques de d\u00e9veloppement durable. Une bonne mani\u00e8re de d\u00e9velopper des comp\u00e9tences tant cognitives que socio-\u00e9motionnelles et m\u00e9tacognitives au travers d'une approche interdisciplinaire.\",\"breadcrumb\":{\"@id\":\"https:\/\/blog.unifr.ch\/transformations\/2020\/08\/24\/transformations-des-ressources-au-service-de-la-pedagogie-de-projet-et-de-levaluation-des-competences\/#breadcrumb\"},\"inLanguage\":\"fr-FR\",\"potentialAction\":[{\"@type\":\"ReadAction\",\"target\":[\"https:\/\/blog.unifr.ch\/transformations\/2020\/08\/24\/transformations-des-ressources-au-service-de-la-pedagogie-de-projet-et-de-levaluation-des-competences\/\"]}]},{\"@type\":\"BreadcrumbList\",\"@id\":\"https:\/\/blog.unifr.ch\/transformations\/2020\/08\/24\/transformations-des-ressources-au-service-de-la-pedagogie-de-projet-et-de-levaluation-des-competences\/#breadcrumb\",\"itemListElement\":[{\"@type\":\"ListItem\",\"position\":1,\"name\":\"Accueil\",\"item\":\"https:\/\/blog.unifr.ch\/transformations\/\"},{\"@type\":\"ListItem\",\"position\":2,\"name\":\"Transformations: d\u2019un concept organisateur \u00e0 une mise en \u0153uvre dans les classes pour d\u00e9velopper des comp\u00e9tences en lien avec la d\u00e9marche d\u2019investigation\"}]},{\"@type\":\"WebSite\",\"@id\":\"https:\/\/blog.unifr.ch\/transformations\/#website\",\"url\":\"https:\/\/blog.unifr.ch\/transformations\/\",\"name\":\"Transformations\",\"description\":\"Un site utilisant HEP Multisite\",\"potentialAction\":[{\"@type\":\"SearchAction\",\"target\":{\"@type\":\"EntryPoint\",\"urlTemplate\":\"https:\/\/blog.unifr.ch\/transformations\/?s={search_term_string}\"},\"query-input\":{\"@type\":\"PropertyValueSpecification\",\"valueRequired\":true,\"valueName\":\"search_term_string\"}}],\"inLanguage\":\"fr-FR\"},{\"@type\":\"Person\",\"@id\":\"https:\/\/blog.unifr.ch\/transformations\/#\/schema\/person\/2001c4ae7c494df728ad9774e16b3c63\",\"name\":\"pellaudf\",\"image\":{\"@type\":\"ImageObject\",\"inLanguage\":\"fr-FR\",\"@id\":\"https:\/\/blog.unifr.ch\/transformations\/#\/schema\/person\/image\/\",\"url\":\"https:\/\/secure.gravatar.com\/avatar\/9a9c376918a39fc1850135aba22f8f0031a9b950b5442480707310dc94f5ed24?s=96&d=mm&r=g\",\"contentUrl\":\"https:\/\/secure.gravatar.com\/avatar\/9a9c376918a39fc1850135aba22f8f0031a9b950b5442480707310dc94f5ed24?s=96&d=mm&r=g\",\"caption\":\"pellaudf\"},\"url\":\"https:\/\/blog.unifr.ch\/transformations\/author\/pellaudf\/\"}]}<\/script>\n<!-- \/ Yoast SEO plugin. -->","yoast_head_json":{"title":"Transformations: d\u2019un concept organisateur \u00e0 une mise en \u0153uvre dans les classes pour d\u00e9velopper des comp\u00e9tences en lien avec la d\u00e9marche d\u2019investigation - Transformations","description":"Mener en classe une d\u00e9marche d'investigation pour atteindre la r\u00e9alisation d'un projet portant sur des th\u00e9matiques de d\u00e9veloppement durable. Une bonne mani\u00e8re de d\u00e9velopper des comp\u00e9tences tant cognitives que socio-\u00e9motionnelles et m\u00e9tacognitives au travers d'une approche interdisciplinaire.","robots":{"index":"index","follow":"follow","max-snippet":"max-snippet:-1","max-image-preview":"max-image-preview:large","max-video-preview":"max-video-preview:-1"},"canonical":"https:\/\/blog.unifr.ch\/transformations\/2020\/08\/24\/transformations-des-ressources-au-service-de-la-pedagogie-de-projet-et-de-levaluation-des-competences\/","og_locale":"fr_FR","og_type":"article","og_title":"Transformations: d\u2019un concept organisateur \u00e0 une mise en \u0153uvre dans les classes pour d\u00e9velopper des comp\u00e9tences en lien avec la d\u00e9marche d\u2019investigation - Transformations","og_description":"Mener en classe une d\u00e9marche d'investigation pour atteindre la r\u00e9alisation d'un projet portant sur des th\u00e9matiques de d\u00e9veloppement durable. Une bonne mani\u00e8re de d\u00e9velopper des comp\u00e9tences tant cognitives que socio-\u00e9motionnelles et m\u00e9tacognitives au travers d'une approche interdisciplinaire.","og_url":"https:\/\/blog.unifr.ch\/transformations\/2020\/08\/24\/transformations-des-ressources-au-service-de-la-pedagogie-de-projet-et-de-levaluation-des-competences\/","og_site_name":"Transformations","article_published_time":"2020-08-24T08:15:33+00:00","article_modified_time":"2025-11-28T16:58:04+00:00","og_image":[{"width":1436,"height":622,"url":"https:\/\/blog.unifr.ch\/transformations\/wp-content\/uploads\/2019\/05\/Logo-Transformation-blanc.png","type":"image\/png"}],"author":"pellaudf","twitter_card":"summary_large_image","twitter_misc":{"\u00c9crit par":"pellaudf","Dur\u00e9e de lecture estim\u00e9e":"1 minute"},"schema":{"@context":"https:\/\/schema.org","@graph":[{"@type":"WebPage","@id":"https:\/\/blog.unifr.ch\/transformations\/2020\/08\/24\/transformations-des-ressources-au-service-de-la-pedagogie-de-projet-et-de-levaluation-des-competences\/","url":"https:\/\/blog.unifr.ch\/transformations\/2020\/08\/24\/transformations-des-ressources-au-service-de-la-pedagogie-de-projet-et-de-levaluation-des-competences\/","name":"Transformations: d\u2019un concept organisateur \u00e0 une mise en \u0153uvre dans les classes pour d\u00e9velopper des comp\u00e9tences en lien avec la d\u00e9marche d\u2019investigation - Transformations","isPartOf":{"@id":"https:\/\/blog.unifr.ch\/transformations\/#website"},"datePublished":"2020-08-24T08:15:33+00:00","dateModified":"2025-11-28T16:58:04+00:00","author":{"@id":"https:\/\/blog.unifr.ch\/transformations\/#\/schema\/person\/2001c4ae7c494df728ad9774e16b3c63"},"description":"Mener en classe une d\u00e9marche d'investigation pour atteindre la r\u00e9alisation d'un projet portant sur des th\u00e9matiques de d\u00e9veloppement durable. Une bonne mani\u00e8re de d\u00e9velopper des comp\u00e9tences tant cognitives que socio-\u00e9motionnelles et m\u00e9tacognitives au travers d'une approche interdisciplinaire.","breadcrumb":{"@id":"https:\/\/blog.unifr.ch\/transformations\/2020\/08\/24\/transformations-des-ressources-au-service-de-la-pedagogie-de-projet-et-de-levaluation-des-competences\/#breadcrumb"},"inLanguage":"fr-FR","potentialAction":[{"@type":"ReadAction","target":["https:\/\/blog.unifr.ch\/transformations\/2020\/08\/24\/transformations-des-ressources-au-service-de-la-pedagogie-de-projet-et-de-levaluation-des-competences\/"]}]},{"@type":"BreadcrumbList","@id":"https:\/\/blog.unifr.ch\/transformations\/2020\/08\/24\/transformations-des-ressources-au-service-de-la-pedagogie-de-projet-et-de-levaluation-des-competences\/#breadcrumb","itemListElement":[{"@type":"ListItem","position":1,"name":"Accueil","item":"https:\/\/blog.unifr.ch\/transformations\/"},{"@type":"ListItem","position":2,"name":"Transformations: d\u2019un concept organisateur \u00e0 une mise en \u0153uvre dans les classes pour d\u00e9velopper des comp\u00e9tences en lien avec la d\u00e9marche d\u2019investigation"}]},{"@type":"WebSite","@id":"https:\/\/blog.unifr.ch\/transformations\/#website","url":"https:\/\/blog.unifr.ch\/transformations\/","name":"Transformations","description":"Un site utilisant HEP Multisite","potentialAction":[{"@type":"SearchAction","target":{"@type":"EntryPoint","urlTemplate":"https:\/\/blog.unifr.ch\/transformations\/?s={search_term_string}"},"query-input":{"@type":"PropertyValueSpecification","valueRequired":true,"valueName":"search_term_string"}}],"inLanguage":"fr-FR"},{"@type":"Person","@id":"https:\/\/blog.unifr.ch\/transformations\/#\/schema\/person\/2001c4ae7c494df728ad9774e16b3c63","name":"pellaudf","image":{"@type":"ImageObject","inLanguage":"fr-FR","@id":"https:\/\/blog.unifr.ch\/transformations\/#\/schema\/person\/image\/","url":"https:\/\/secure.gravatar.com\/avatar\/9a9c376918a39fc1850135aba22f8f0031a9b950b5442480707310dc94f5ed24?s=96&d=mm&r=g","contentUrl":"https:\/\/secure.gravatar.com\/avatar\/9a9c376918a39fc1850135aba22f8f0031a9b950b5442480707310dc94f5ed24?s=96&d=mm&r=g","caption":"pellaudf"},"url":"https:\/\/blog.unifr.ch\/transformations\/author\/pellaudf\/"}]}},"_links":{"self":[{"href":"https:\/\/blog.unifr.ch\/transformations\/wp-json\/wp\/v2\/posts\/262","targetHints":{"allow":["GET"]}}],"collection":[{"href":"https:\/\/blog.unifr.ch\/transformations\/wp-json\/wp\/v2\/posts"}],"about":[{"href":"https:\/\/blog.unifr.ch\/transformations\/wp-json\/wp\/v2\/types\/post"}],"author":[{"embeddable":true,"href":"https:\/\/blog.unifr.ch\/transformations\/wp-json\/wp\/v2\/users\/4"}],"replies":[{"embeddable":true,"href":"https:\/\/blog.unifr.ch\/transformations\/wp-json\/wp\/v2\/comments?post=262"}],"version-history":[{"count":11,"href":"https:\/\/blog.unifr.ch\/transformations\/wp-json\/wp\/v2\/posts\/262\/revisions"}],"predecessor-version":[{"id":688,"href":"https:\/\/blog.unifr.ch\/transformations\/wp-json\/wp\/v2\/posts\/262\/revisions\/688"}],"wp:attachment":[{"href":"https:\/\/blog.unifr.ch\/transformations\/wp-json\/wp\/v2\/media?parent=262"}],"wp:term":[{"taxonomy":"category","embeddable":true,"href":"https:\/\/blog.unifr.ch\/transformations\/wp-json\/wp\/v2\/categories?post=262"},{"taxonomy":"post_tag","embeddable":true,"href":"https:\/\/blog.unifr.ch\/transformations\/wp-json\/wp\/v2\/tags?post=262"}],"curies":[{"name":"wp","href":"https:\/\/api.w.org\/{rel}","templated":true}]}}