{"id":595,"date":"2024-12-06T17:22:34","date_gmt":"2024-12-06T16:22:34","guid":{"rendered":"https:\/\/blog.unifr.ch\/transformations\/?p=595"},"modified":"2025-11-28T17:50:05","modified_gmt":"2025-11-28T16:50:05","slug":"evaluer-les-competences-edd-un-concept-base-sur-le-projet-transformations","status":"publish","type":"post","link":"https:\/\/blog.unifr.ch\/transformations\/2024\/12\/06\/evaluer-les-competences-edd-un-concept-base-sur-le-projet-transformations\/","title":{"rendered":"Evaluer les comp\u00e9tences EDD: un concept bas\u00e9 sur le projet Transformations"},"content":{"rendered":"<p><a href=\"https:\/\/blog.unifr.ch\/transformations\/wp-content\/uploads\/2024\/12\/Evaluation_competencesEDD_Concept_Glossaire.pdf\">Evaluation_compe\u0301tencesEDD_Concept_Glossaire<\/a><\/p>\n<p>Francine Pellaud, No\u00e9mie Gey, Isabelle Dauner-Gardiol, Isabelle Bosset<\/p>\n<p>HEP\/PHFR et \u00e9ducation21<\/p>\n","protected":false},"excerpt":{"rendered":"<p>Evaluation_compe\u0301tencesEDD_Concept_Glossaire Francine Pellaud, No\u00e9mie Gey, Isabelle Dauner-Gardiol, Isabelle Bosset HEP\/PHFR et \u00e9ducation21<\/p>\n","protected":false},"author":4,"featured_media":0,"comment_status":"closed","ping_status":"closed","sticky":false,"template":"","format":"standard","meta":{"_acf_changed":false,"footnotes":""},"categories":[1],"tags":[],"class_list":["post-595","post","type-post","status-publish","format-standard","hentry","category-non-classe"],"acf":[],"yoast_head":"<!-- This site is optimized with the Yoast SEO plugin v26.4 - https:\/\/yoast.com\/wordpress\/plugins\/seo\/ -->\n<title>Evaluer les comp\u00e9tences EDD: un concept bas\u00e9 sur le projet Transformations - Transformations<\/title>\n<meta name=\"description\" content=\"Evaluer, \u00e0 l&#039;\u00e9cole, les comp\u00e9tences n\u00e9cessaires pour comprendre les grands d\u00e9fis de ce XXIe si\u00e8cle et agir en cons\u00e9quence.\" \/>\n<meta name=\"robots\" content=\"index, follow, max-snippet:-1, max-image-preview:large, max-video-preview:-1\" \/>\n<link rel=\"canonical\" href=\"https:\/\/blog.unifr.ch\/transformations\/2024\/12\/06\/evaluer-les-competences-edd-un-concept-base-sur-le-projet-transformations\/\" \/>\n<meta property=\"og:locale\" content=\"fr_FR\" \/>\n<meta property=\"og:type\" content=\"article\" \/>\n<meta property=\"og:title\" content=\"Evaluer les comp\u00e9tences EDD: un concept bas\u00e9 sur le projet Transformations - Transformations\" \/>\n<meta property=\"og:description\" content=\"Evaluer, \u00e0 l&#039;\u00e9cole, les comp\u00e9tences n\u00e9cessaires pour comprendre les grands d\u00e9fis de ce XXIe si\u00e8cle et agir en cons\u00e9quence.\" \/>\n<meta property=\"og:url\" content=\"https:\/\/blog.unifr.ch\/transformations\/2024\/12\/06\/evaluer-les-competences-edd-un-concept-base-sur-le-projet-transformations\/\" \/>\n<meta property=\"og:site_name\" content=\"Transformations\" \/>\n<meta property=\"article:published_time\" content=\"2024-12-06T16:22:34+00:00\" \/>\n<meta property=\"article:modified_time\" content=\"2025-11-28T16:50:05+00:00\" \/>\n<meta property=\"og:image\" content=\"https:\/\/blog.unifr.ch\/transformations\/wp-content\/uploads\/2019\/05\/Logo-Transformation-blanc.png\" \/>\n\t<meta property=\"og:image:width\" content=\"1436\" \/>\n\t<meta property=\"og:image:height\" content=\"622\" \/>\n\t<meta property=\"og:image:type\" content=\"image\/png\" \/>\n<meta name=\"author\" content=\"pellaudf\" \/>\n<meta name=\"twitter:card\" content=\"summary_large_image\" \/>\n<meta name=\"twitter:label1\" content=\"\u00c9crit par\" \/>\n\t<meta name=\"twitter:data1\" content=\"pellaudf\" \/>\n\t<meta name=\"twitter:label2\" content=\"Dur\u00e9e de lecture estim\u00e9e\" \/>\n\t<meta name=\"twitter:data2\" content=\"1 minute\" \/>\n<script type=\"application\/ld+json\" class=\"yoast-schema-graph\">{\"@context\":\"https:\/\/schema.org\",\"@graph\":[{\"@type\":\"WebPage\",\"@id\":\"https:\/\/blog.unifr.ch\/transformations\/2024\/12\/06\/evaluer-les-competences-edd-un-concept-base-sur-le-projet-transformations\/\",\"url\":\"https:\/\/blog.unifr.ch\/transformations\/2024\/12\/06\/evaluer-les-competences-edd-un-concept-base-sur-le-projet-transformations\/\",\"name\":\"Evaluer les comp\u00e9tences EDD: un concept bas\u00e9 sur le projet Transformations - Transformations\",\"isPartOf\":{\"@id\":\"https:\/\/blog.unifr.ch\/transformations\/#website\"},\"datePublished\":\"2024-12-06T16:22:34+00:00\",\"dateModified\":\"2025-11-28T16:50:05+00:00\",\"author\":{\"@id\":\"https:\/\/blog.unifr.ch\/transformations\/#\/schema\/person\/2001c4ae7c494df728ad9774e16b3c63\"},\"description\":\"Evaluer, \u00e0 l'\u00e9cole, les comp\u00e9tences n\u00e9cessaires pour comprendre les grands d\u00e9fis de ce XXIe si\u00e8cle et agir en cons\u00e9quence.\",\"breadcrumb\":{\"@id\":\"https:\/\/blog.unifr.ch\/transformations\/2024\/12\/06\/evaluer-les-competences-edd-un-concept-base-sur-le-projet-transformations\/#breadcrumb\"},\"inLanguage\":\"fr-FR\",\"potentialAction\":[{\"@type\":\"ReadAction\",\"target\":[\"https:\/\/blog.unifr.ch\/transformations\/2024\/12\/06\/evaluer-les-competences-edd-un-concept-base-sur-le-projet-transformations\/\"]}]},{\"@type\":\"BreadcrumbList\",\"@id\":\"https:\/\/blog.unifr.ch\/transformations\/2024\/12\/06\/evaluer-les-competences-edd-un-concept-base-sur-le-projet-transformations\/#breadcrumb\",\"itemListElement\":[{\"@type\":\"ListItem\",\"position\":1,\"name\":\"Accueil\",\"item\":\"https:\/\/blog.unifr.ch\/transformations\/\"},{\"@type\":\"ListItem\",\"position\":2,\"name\":\"Evaluer les comp\u00e9tences EDD: un concept bas\u00e9 sur le projet Transformations\"}]},{\"@type\":\"WebSite\",\"@id\":\"https:\/\/blog.unifr.ch\/transformations\/#website\",\"url\":\"https:\/\/blog.unifr.ch\/transformations\/\",\"name\":\"Transformations\",\"description\":\"Un site utilisant HEP Multisite\",\"potentialAction\":[{\"@type\":\"SearchAction\",\"target\":{\"@type\":\"EntryPoint\",\"urlTemplate\":\"https:\/\/blog.unifr.ch\/transformations\/?s={search_term_string}\"},\"query-input\":{\"@type\":\"PropertyValueSpecification\",\"valueRequired\":true,\"valueName\":\"search_term_string\"}}],\"inLanguage\":\"fr-FR\"},{\"@type\":\"Person\",\"@id\":\"https:\/\/blog.unifr.ch\/transformations\/#\/schema\/person\/2001c4ae7c494df728ad9774e16b3c63\",\"name\":\"pellaudf\",\"image\":{\"@type\":\"ImageObject\",\"inLanguage\":\"fr-FR\",\"@id\":\"https:\/\/blog.unifr.ch\/transformations\/#\/schema\/person\/image\/\",\"url\":\"https:\/\/secure.gravatar.com\/avatar\/9a9c376918a39fc1850135aba22f8f0031a9b950b5442480707310dc94f5ed24?s=96&d=mm&r=g\",\"contentUrl\":\"https:\/\/secure.gravatar.com\/avatar\/9a9c376918a39fc1850135aba22f8f0031a9b950b5442480707310dc94f5ed24?s=96&d=mm&r=g\",\"caption\":\"pellaudf\"},\"url\":\"https:\/\/blog.unifr.ch\/transformations\/author\/pellaudf\/\"}]}<\/script>\n<!-- \/ Yoast SEO plugin. -->","yoast_head_json":{"title":"Evaluer les comp\u00e9tences EDD: un concept bas\u00e9 sur le projet Transformations - Transformations","description":"Evaluer, \u00e0 l'\u00e9cole, les comp\u00e9tences n\u00e9cessaires pour comprendre les grands d\u00e9fis de ce XXIe si\u00e8cle et agir en cons\u00e9quence.","robots":{"index":"index","follow":"follow","max-snippet":"max-snippet:-1","max-image-preview":"max-image-preview:large","max-video-preview":"max-video-preview:-1"},"canonical":"https:\/\/blog.unifr.ch\/transformations\/2024\/12\/06\/evaluer-les-competences-edd-un-concept-base-sur-le-projet-transformations\/","og_locale":"fr_FR","og_type":"article","og_title":"Evaluer les comp\u00e9tences EDD: un concept bas\u00e9 sur le projet Transformations - Transformations","og_description":"Evaluer, \u00e0 l'\u00e9cole, les comp\u00e9tences n\u00e9cessaires pour comprendre les grands d\u00e9fis de ce XXIe si\u00e8cle et agir en cons\u00e9quence.","og_url":"https:\/\/blog.unifr.ch\/transformations\/2024\/12\/06\/evaluer-les-competences-edd-un-concept-base-sur-le-projet-transformations\/","og_site_name":"Transformations","article_published_time":"2024-12-06T16:22:34+00:00","article_modified_time":"2025-11-28T16:50:05+00:00","og_image":[{"width":1436,"height":622,"url":"https:\/\/blog.unifr.ch\/transformations\/wp-content\/uploads\/2019\/05\/Logo-Transformation-blanc.png","type":"image\/png"}],"author":"pellaudf","twitter_card":"summary_large_image","twitter_misc":{"\u00c9crit par":"pellaudf","Dur\u00e9e de lecture estim\u00e9e":"1 minute"},"schema":{"@context":"https:\/\/schema.org","@graph":[{"@type":"WebPage","@id":"https:\/\/blog.unifr.ch\/transformations\/2024\/12\/06\/evaluer-les-competences-edd-un-concept-base-sur-le-projet-transformations\/","url":"https:\/\/blog.unifr.ch\/transformations\/2024\/12\/06\/evaluer-les-competences-edd-un-concept-base-sur-le-projet-transformations\/","name":"Evaluer les comp\u00e9tences EDD: un concept bas\u00e9 sur le projet Transformations - Transformations","isPartOf":{"@id":"https:\/\/blog.unifr.ch\/transformations\/#website"},"datePublished":"2024-12-06T16:22:34+00:00","dateModified":"2025-11-28T16:50:05+00:00","author":{"@id":"https:\/\/blog.unifr.ch\/transformations\/#\/schema\/person\/2001c4ae7c494df728ad9774e16b3c63"},"description":"Evaluer, \u00e0 l'\u00e9cole, les comp\u00e9tences n\u00e9cessaires pour comprendre les grands d\u00e9fis de ce XXIe si\u00e8cle et agir en cons\u00e9quence.","breadcrumb":{"@id":"https:\/\/blog.unifr.ch\/transformations\/2024\/12\/06\/evaluer-les-competences-edd-un-concept-base-sur-le-projet-transformations\/#breadcrumb"},"inLanguage":"fr-FR","potentialAction":[{"@type":"ReadAction","target":["https:\/\/blog.unifr.ch\/transformations\/2024\/12\/06\/evaluer-les-competences-edd-un-concept-base-sur-le-projet-transformations\/"]}]},{"@type":"BreadcrumbList","@id":"https:\/\/blog.unifr.ch\/transformations\/2024\/12\/06\/evaluer-les-competences-edd-un-concept-base-sur-le-projet-transformations\/#breadcrumb","itemListElement":[{"@type":"ListItem","position":1,"name":"Accueil","item":"https:\/\/blog.unifr.ch\/transformations\/"},{"@type":"ListItem","position":2,"name":"Evaluer les comp\u00e9tences EDD: un concept bas\u00e9 sur le projet Transformations"}]},{"@type":"WebSite","@id":"https:\/\/blog.unifr.ch\/transformations\/#website","url":"https:\/\/blog.unifr.ch\/transformations\/","name":"Transformations","description":"Un site utilisant HEP Multisite","potentialAction":[{"@type":"SearchAction","target":{"@type":"EntryPoint","urlTemplate":"https:\/\/blog.unifr.ch\/transformations\/?s={search_term_string}"},"query-input":{"@type":"PropertyValueSpecification","valueRequired":true,"valueName":"search_term_string"}}],"inLanguage":"fr-FR"},{"@type":"Person","@id":"https:\/\/blog.unifr.ch\/transformations\/#\/schema\/person\/2001c4ae7c494df728ad9774e16b3c63","name":"pellaudf","image":{"@type":"ImageObject","inLanguage":"fr-FR","@id":"https:\/\/blog.unifr.ch\/transformations\/#\/schema\/person\/image\/","url":"https:\/\/secure.gravatar.com\/avatar\/9a9c376918a39fc1850135aba22f8f0031a9b950b5442480707310dc94f5ed24?s=96&d=mm&r=g","contentUrl":"https:\/\/secure.gravatar.com\/avatar\/9a9c376918a39fc1850135aba22f8f0031a9b950b5442480707310dc94f5ed24?s=96&d=mm&r=g","caption":"pellaudf"},"url":"https:\/\/blog.unifr.ch\/transformations\/author\/pellaudf\/"}]}},"_links":{"self":[{"href":"https:\/\/blog.unifr.ch\/transformations\/wp-json\/wp\/v2\/posts\/595","targetHints":{"allow":["GET"]}}],"collection":[{"href":"https:\/\/blog.unifr.ch\/transformations\/wp-json\/wp\/v2\/posts"}],"about":[{"href":"https:\/\/blog.unifr.ch\/transformations\/wp-json\/wp\/v2\/types\/post"}],"author":[{"embeddable":true,"href":"https:\/\/blog.unifr.ch\/transformations\/wp-json\/wp\/v2\/users\/4"}],"replies":[{"embeddable":true,"href":"https:\/\/blog.unifr.ch\/transformations\/wp-json\/wp\/v2\/comments?post=595"}],"version-history":[{"count":4,"href":"https:\/\/blog.unifr.ch\/transformations\/wp-json\/wp\/v2\/posts\/595\/revisions"}],"predecessor-version":[{"id":686,"href":"https:\/\/blog.unifr.ch\/transformations\/wp-json\/wp\/v2\/posts\/595\/revisions\/686"}],"wp:attachment":[{"href":"https:\/\/blog.unifr.ch\/transformations\/wp-json\/wp\/v2\/media?parent=595"}],"wp:term":[{"taxonomy":"category","embeddable":true,"href":"https:\/\/blog.unifr.ch\/transformations\/wp-json\/wp\/v2\/categories?post=595"},{"taxonomy":"post_tag","embeddable":true,"href":"https:\/\/blog.unifr.ch\/transformations\/wp-json\/wp\/v2\/tags?post=595"}],"curies":[{"name":"wp","href":"https:\/\/api.w.org\/{rel}","templated":true}]}}