{"id":232,"date":"2023-12-26T11:53:40","date_gmt":"2023-12-26T10:53:40","guid":{"rendered":"https:\/\/blog.unifr.ch\/une-autre-ecole-est-possible\/?p=232"},"modified":"2023-12-26T11:59:26","modified_gmt":"2023-12-26T10:59:26","slug":"nes-pour-sentraider-et-cooperer-ah-bon","status":"publish","type":"post","link":"https:\/\/blog.unifr.ch\/une-autre-ecole-est-possible\/2023\/12\/26\/nes-pour-sentraider-et-cooperer-ah-bon\/","title":{"rendered":"N\u00e9s pour s\u2019entraider et coop\u00e9rer, ah bon ?"},"content":{"rendered":"<p>A observer les conflits actuels, massacres, invasions de territoires ou abus de tous genre, normal d\u2019avoir de la peine \u00e0 adh\u00e9rer d\u2019embl\u00e9e \u00e0 l\u2019id\u00e9e que l\u2019entraide ou la coop\u00e9ration constitueraient les modalit\u00e9s privil\u00e9gi\u00e9es des esp\u00e8ces vivantes, bien plus pr\u00e9sentes que la comp\u00e9tition, le go\u00fbt de la revanche, la domination de l\u2019autre ou le chacun pour soi\u2026 Et pourtant, que se passe-t-il r\u00e9ellement lors de grandes catastrophes o\u00f9 les comportements peuvent \u00eatre observ\u00e9s spontan\u00e9ment, en grandeur nature et pour de vrai\u00a0? Spontan\u00e9ment, sans r\u00e9fl\u00e9chir et sans calcul, lorsque nous sommes mis au pied du mur et que le pronostic vital est engag\u00e9, ce sont bien les comportements d\u2019entraide qui pr\u00e9dominent, ainsi que l\u2019ont montr\u00e9 divers travaux de recherche r\u00e9cents dont ceux men\u00e9s aupr\u00e8s de victimes du massacre du Bataclan en 2015. L\u2019entraide serait-elle l\u2019autre loi du jungle\u00a0?<\/p>\n<p>C\u2019est la th\u00e8se que Pablo Servigne et Gauthier Chapelle s\u2019attellent \u00e0 discuter et d\u00e9montrer tout au long de leur ouvrage hyper-passionnant \u00ab\u00a0L\u2019entraide, l\u2019autre loi de la jungle\u00a0\u00bb. Ces auteurs y proposent un tour d\u2019horizons des travaux actuels sur le sujet, \u00e0 partir des d\u00e9couvertes provenant de l\u2019\u00e9thologie, l\u2019anthropologie, l\u2019\u00e9conomie, la psychologie, la biologie, la sociologie ou les neurosciences. S\u2019appuyant sur un nombre important d\u2019\u00e9tudes, ils mettent en \u00e9vidence un trait universel, spontan\u00e9, inn\u00e9\u00a0: \u00ab\u00a0Partout, les gens sont spontan\u00e9ment prosociaux, (\u2026) sur tous les continents, (\u2026). Les \u00eatres humains se comportent de mani\u00e8re beaucoup moins \u00e9go\u00efste que certains \u00e9conomistes veulent nous le faire croire\u00a0\u00bb (p.\u00a0 81). Par prosocial, Servigne et Chapelle entendent une attitude, un comportement ou une institution orient\u00e9e vers le bien-\u00eatre des autres ou d\u2019une soci\u00e9t\u00e9 dans son ensemble. Ceci d\u00e9passe les relations entre humains puisque, dans le monde v\u00e9g\u00e9tal, les \u00e9tudes ont d\u00e9j\u00e0 d\u00e9montr\u00e9 que certains arbres entrent en comp\u00e9tition lorsque les conditions de vie sont bonnes, mais qu\u2019ils ont plut\u00f4t tendance \u00e0 s\u2019entraider lorsqu\u2019elles se durcissent (par exemple lorsqu\u2019il fait froid, que les sols s\u2019appauvrissent ou que des animaux mettent certaines esp\u00e8ce v\u00e9g\u00e9tales en p\u00e9ril).<\/p>\n<p>Mais revenons bri\u00e8vement aux catastrophes et aux comportements humains qui \u00e9mergent spontan\u00e9ment dans ces moments exceptionnels. Contrairement aux repr\u00e9sentations et id\u00e9es re\u00e7ues que nous avons g\u00e9n\u00e9ralement, les comportements de fuite panique extr\u00eames en cas de catastrophe sont plut\u00f4t rares et ne correspondent pas \u00e0 la r\u00e9alit\u00e9. Les nombreux t\u00e9moignages recueillis dans diff\u00e9rents contextes et analys\u00e9s dans nombre d\u2019\u00e9tudes cit\u00e9es dans l\u2019ouvrage de Servigne et Chapelle convergent : lors de situations extr\u00eames, la plupart des humains ont plut\u00f4t tendance \u00e0 conserver leur sang-froid et \u00e0 coop\u00e9rer, \u00e0 s\u2019entraider, pour tenter de s\u2019en sortir collectivement. Ceci laisse penser que nous serions-nous dot\u00e9s d\u2019un \u00ab\u00a0programme d\u00e9veloppemental\u00a0\u00bb inscrit dans notre cerveau qui pr\u00e9disposerait \u00e0 cette coop\u00e9ration. Rappelons en effet que, d\u00e8s l\u2019\u00e2ge de 18 mois, les jeunes enfants manifestent des comportements spontan\u00e9s d\u2019entraide. Pourquoi la comp\u00e9tition prend-elle alors tr\u00e8s souvent le pas sur cette aptitude inn\u00e9e \u00e0 coop\u00e9rer et s\u2019entraider, dans maintes situations de la vie courantes\u00a0?<\/p>\n<p>La r\u00e9ponse est complexe et m\u00e9riterait un d\u00e9veloppement bien pus grand que ne le permet cet article de blog. Il m\u2019importe cependant de mettre l\u2019accent sur un \u00e9l\u00e9ment qui m\u2019est fondamental et constitue le socle de tous mes enseignements\u00a0: l\u2019importance du contexte dans lequel nous \u00e9voluons. Les \u00e9tudes ont montr\u00e9 que plus nous \u00e9voluons dans un contexte social coop\u00e9ratif, plus l\u2019humain d\u00e9veloppe des automatismes prosociaux dans sa vie en g\u00e9n\u00e9ral. Inversement, plus on \u00e9volue dans un contexte \u00e9go\u00efste et comp\u00e9titif, plus on d\u00e9veloppe des automatismes dans ce sens. Nos comportements sociaux et agissements se forgent donc aussi en fonction de nos exp\u00e9riences de vie, m\u00eame si l\u2019entraide pourrait constituer la base n\u00e9cessaire \u00e0 la survie avec laquelle nous arrivons au monde. Vous me voyez arriver avec mon terrain de pr\u00e9dilection, l\u2019\u00e9cole\u2026 Oui, c\u2019est un contexte propice \u00e0 mon sens au d\u00e9veloppement et \u00e0 l\u2019apprentissage des capacit\u00e9s d\u2019entraide et de coop\u00e9ration dont les citoyens et citoyennes de demain auront grandement besoins pour faire face aux d\u00e9fis et aux menaces qui planent sur notre monde\u2026 Alors, l\u2019entraide, l\u2019autre loi de la jungle\u00a0?<\/p>\n","protected":false},"excerpt":{"rendered":"<p>A observer les conflits actuels, massacres, invasions de territoires ou abus de tous genre, normal d\u2019avoir de la peine \u00e0 adh\u00e9rer d\u2019embl\u00e9e \u00e0 l\u2019id\u00e9e que l\u2019entraide ou la coop\u00e9ration constitueraient les modalit\u00e9s privil\u00e9gi\u00e9es des esp\u00e8ces vivantes, bien plus pr\u00e9sentes que la comp\u00e9tition, le go\u00fbt de la revanche, la domination de l\u2019autre ou le chacun pour [&hellip;]<\/p>\n","protected":false},"author":30,"featured_media":233,"comment_status":"closed","ping_status":"closed","sticky":false,"template":"","format":"standard","meta":{"_acf_changed":false,"footnotes":""},"categories":[1],"tags":[],"class_list":["post-232","post","type-post","status-publish","format-standard","has-post-thumbnail","hentry","category-non-classe"],"acf":[],"yoast_head":"<!-- This site is optimized with the Yoast SEO plugin v25.6 - https:\/\/yoast.com\/wordpress\/plugins\/seo\/ -->\n<title>N\u00e9s pour s\u2019entraider et coop\u00e9rer, ah bon ? - Une autre \u00e9cole est possible<\/title>\n<meta name=\"robots\" content=\"index, follow, max-snippet:-1, max-image-preview:large, max-video-preview:-1\" \/>\n<link rel=\"canonical\" href=\"https:\/\/blog.unifr.ch\/une-autre-ecole-est-possible\/2023\/12\/26\/nes-pour-sentraider-et-cooperer-ah-bon\/\" \/>\n<meta property=\"og:locale\" content=\"fr_FR\" \/>\n<meta property=\"og:type\" content=\"article\" \/>\n<meta property=\"og:title\" content=\"N\u00e9s pour s\u2019entraider et coop\u00e9rer, ah bon ? - Une autre \u00e9cole est possible\" \/>\n<meta property=\"og:description\" content=\"A observer les conflits actuels, massacres, invasions de territoires ou abus de tous genre, normal d\u2019avoir de la peine \u00e0 adh\u00e9rer d\u2019embl\u00e9e \u00e0 l\u2019id\u00e9e que l\u2019entraide ou la coop\u00e9ration constitueraient les modalit\u00e9s privil\u00e9gi\u00e9es des esp\u00e8ces vivantes, bien plus pr\u00e9sentes que la comp\u00e9tition, le go\u00fbt de la revanche, la domination de l\u2019autre ou le chacun pour [&hellip;]\" \/>\n<meta property=\"og:url\" content=\"https:\/\/blog.unifr.ch\/une-autre-ecole-est-possible\/2023\/12\/26\/nes-pour-sentraider-et-cooperer-ah-bon\/\" \/>\n<meta property=\"og:site_name\" content=\"Une autre \u00e9cole est possible\" \/>\n<meta property=\"article:published_time\" content=\"2023-12-26T10:53:40+00:00\" \/>\n<meta property=\"article:modified_time\" content=\"2023-12-26T10:59:26+00:00\" \/>\n<meta property=\"og:image\" content=\"https:\/\/blog.unifr.ch\/une-autre-ecole-est-possible\/wp-content\/uploads\/sites\/18\/2023\/12\/gros-plan-gens-se-tenant-main-scaled.jpg\" \/>\n\t<meta property=\"og:image:width\" content=\"1710\" \/>\n\t<meta property=\"og:image:height\" content=\"2560\" \/>\n\t<meta property=\"og:image:type\" content=\"image\/jpeg\" \/>\n<meta name=\"author\" content=\"Isabelle No\u00ebl\" \/>\n<meta name=\"twitter:card\" content=\"summary_large_image\" \/>\n<meta name=\"twitter:label1\" content=\"\u00c9crit par\" \/>\n\t<meta name=\"twitter:data1\" content=\"Isabelle No\u00ebl\" \/>\n\t<meta name=\"twitter:label2\" content=\"Dur\u00e9e de lecture estim\u00e9e\" \/>\n\t<meta name=\"twitter:data2\" content=\"4 minutes\" \/>\n<script type=\"application\/ld+json\" class=\"yoast-schema-graph\">{\"@context\":\"https:\/\/schema.org\",\"@graph\":[{\"@type\":\"WebPage\",\"@id\":\"https:\/\/blog.unifr.ch\/une-autre-ecole-est-possible\/2023\/12\/26\/nes-pour-sentraider-et-cooperer-ah-bon\/\",\"url\":\"https:\/\/blog.unifr.ch\/une-autre-ecole-est-possible\/2023\/12\/26\/nes-pour-sentraider-et-cooperer-ah-bon\/\",\"name\":\"N\u00e9s pour s\u2019entraider et coop\u00e9rer, ah bon ? - Une autre \u00e9cole est possible\",\"isPartOf\":{\"@id\":\"https:\/\/blog.unifr.ch\/une-autre-ecole-est-possible\/#website\"},\"primaryImageOfPage\":{\"@id\":\"https:\/\/blog.unifr.ch\/une-autre-ecole-est-possible\/2023\/12\/26\/nes-pour-sentraider-et-cooperer-ah-bon\/#primaryimage\"},\"image\":{\"@id\":\"https:\/\/blog.unifr.ch\/une-autre-ecole-est-possible\/2023\/12\/26\/nes-pour-sentraider-et-cooperer-ah-bon\/#primaryimage\"},\"thumbnailUrl\":\"https:\/\/blog.unifr.ch\/une-autre-ecole-est-possible\/wp-content\/uploads\/2023\/12\/gros-plan-gens-se-tenant-main-scaled.jpg\",\"datePublished\":\"2023-12-26T10:53:40+00:00\",\"dateModified\":\"2023-12-26T10:59:26+00:00\",\"author\":{\"@id\":\"https:\/\/blog.unifr.ch\/une-autre-ecole-est-possible\/#\/schema\/person\/9bd4b172985c1b78a83bb81a4e57ecc8\"},\"breadcrumb\":{\"@id\":\"https:\/\/blog.unifr.ch\/une-autre-ecole-est-possible\/2023\/12\/26\/nes-pour-sentraider-et-cooperer-ah-bon\/#breadcrumb\"},\"inLanguage\":\"fr-FR\",\"potentialAction\":[{\"@type\":\"ReadAction\",\"target\":[\"https:\/\/blog.unifr.ch\/une-autre-ecole-est-possible\/2023\/12\/26\/nes-pour-sentraider-et-cooperer-ah-bon\/\"]}]},{\"@type\":\"ImageObject\",\"inLanguage\":\"fr-FR\",\"@id\":\"https:\/\/blog.unifr.ch\/une-autre-ecole-est-possible\/2023\/12\/26\/nes-pour-sentraider-et-cooperer-ah-bon\/#primaryimage\",\"url\":\"https:\/\/blog.unifr.ch\/une-autre-ecole-est-possible\/wp-content\/uploads\/2023\/12\/gros-plan-gens-se-tenant-main-scaled.jpg\",\"contentUrl\":\"https:\/\/blog.unifr.ch\/une-autre-ecole-est-possible\/wp-content\/uploads\/2023\/12\/gros-plan-gens-se-tenant-main-scaled.jpg\",\"width\":1710,\"height\":2560},{\"@type\":\"BreadcrumbList\",\"@id\":\"https:\/\/blog.unifr.ch\/une-autre-ecole-est-possible\/2023\/12\/26\/nes-pour-sentraider-et-cooperer-ah-bon\/#breadcrumb\",\"itemListElement\":[{\"@type\":\"ListItem\",\"position\":1,\"name\":\"Accueil\",\"item\":\"https:\/\/blog.unifr.ch\/une-autre-ecole-est-possible\/\"},{\"@type\":\"ListItem\",\"position\":2,\"name\":\"N\u00e9s pour s\u2019entraider et coop\u00e9rer, ah bon ?\"}]},{\"@type\":\"WebSite\",\"@id\":\"https:\/\/blog.unifr.ch\/une-autre-ecole-est-possible\/#website\",\"url\":\"https:\/\/blog.unifr.ch\/une-autre-ecole-est-possible\/\",\"name\":\"Une autre \u00e9cole est possible\",\"description\":\"Un blog destin\u00e9 \u00e0 toute personne int\u00e9ress\u00e9e par l&#039;\u00e9ducation inclusive et le d\u00e9veloppement de la personne\",\"potentialAction\":[{\"@type\":\"SearchAction\",\"target\":{\"@type\":\"EntryPoint\",\"urlTemplate\":\"https:\/\/blog.unifr.ch\/une-autre-ecole-est-possible\/?s={search_term_string}\"},\"query-input\":{\"@type\":\"PropertyValueSpecification\",\"valueRequired\":true,\"valueName\":\"search_term_string\"}}],\"inLanguage\":\"fr-FR\"},{\"@type\":\"Person\",\"@id\":\"https:\/\/blog.unifr.ch\/une-autre-ecole-est-possible\/#\/schema\/person\/9bd4b172985c1b78a83bb81a4e57ecc8\",\"name\":\"Isabelle No\u00ebl\",\"image\":{\"@type\":\"ImageObject\",\"inLanguage\":\"fr-FR\",\"@id\":\"https:\/\/blog.unifr.ch\/une-autre-ecole-est-possible\/#\/schema\/person\/image\/\",\"url\":\"https:\/\/secure.gravatar.com\/avatar\/e48668433ef5f78bddddd2181e5d840a12c198d913c6f8f7a30cfe4ae946644a?s=96&d=mm&r=g\",\"contentUrl\":\"https:\/\/secure.gravatar.com\/avatar\/e48668433ef5f78bddddd2181e5d840a12c198d913c6f8f7a30cfe4ae946644a?s=96&d=mm&r=g\",\"caption\":\"Isabelle No\u00ebl\"},\"url\":\"https:\/\/blog.unifr.ch\/une-autre-ecole-est-possible\/author\/endeveloppement\/\"}]}<\/script>\n<!-- \/ Yoast SEO plugin. -->","yoast_head_json":{"title":"N\u00e9s pour s\u2019entraider et coop\u00e9rer, ah bon ? - Une autre \u00e9cole est possible","robots":{"index":"index","follow":"follow","max-snippet":"max-snippet:-1","max-image-preview":"max-image-preview:large","max-video-preview":"max-video-preview:-1"},"canonical":"https:\/\/blog.unifr.ch\/une-autre-ecole-est-possible\/2023\/12\/26\/nes-pour-sentraider-et-cooperer-ah-bon\/","og_locale":"fr_FR","og_type":"article","og_title":"N\u00e9s pour s\u2019entraider et coop\u00e9rer, ah bon ? - Une autre \u00e9cole est possible","og_description":"A observer les conflits actuels, massacres, invasions de territoires ou abus de tous genre, normal d\u2019avoir de la peine \u00e0 adh\u00e9rer d\u2019embl\u00e9e \u00e0 l\u2019id\u00e9e que l\u2019entraide ou la coop\u00e9ration constitueraient les modalit\u00e9s privil\u00e9gi\u00e9es des esp\u00e8ces vivantes, bien plus pr\u00e9sentes que la comp\u00e9tition, le go\u00fbt de la revanche, la domination de l\u2019autre ou le chacun pour [&hellip;]","og_url":"https:\/\/blog.unifr.ch\/une-autre-ecole-est-possible\/2023\/12\/26\/nes-pour-sentraider-et-cooperer-ah-bon\/","og_site_name":"Une autre \u00e9cole est possible","article_published_time":"2023-12-26T10:53:40+00:00","article_modified_time":"2023-12-26T10:59:26+00:00","og_image":[{"width":1710,"height":2560,"url":"https:\/\/blog.unifr.ch\/une-autre-ecole-est-possible\/wp-content\/uploads\/sites\/18\/2023\/12\/gros-plan-gens-se-tenant-main-scaled.jpg","type":"image\/jpeg"}],"author":"Isabelle No\u00ebl","twitter_card":"summary_large_image","twitter_misc":{"\u00c9crit par":"Isabelle No\u00ebl","Dur\u00e9e de lecture estim\u00e9e":"4 minutes"},"schema":{"@context":"https:\/\/schema.org","@graph":[{"@type":"WebPage","@id":"https:\/\/blog.unifr.ch\/une-autre-ecole-est-possible\/2023\/12\/26\/nes-pour-sentraider-et-cooperer-ah-bon\/","url":"https:\/\/blog.unifr.ch\/une-autre-ecole-est-possible\/2023\/12\/26\/nes-pour-sentraider-et-cooperer-ah-bon\/","name":"N\u00e9s pour s\u2019entraider et coop\u00e9rer, ah bon ? - Une autre \u00e9cole est possible","isPartOf":{"@id":"https:\/\/blog.unifr.ch\/une-autre-ecole-est-possible\/#website"},"primaryImageOfPage":{"@id":"https:\/\/blog.unifr.ch\/une-autre-ecole-est-possible\/2023\/12\/26\/nes-pour-sentraider-et-cooperer-ah-bon\/#primaryimage"},"image":{"@id":"https:\/\/blog.unifr.ch\/une-autre-ecole-est-possible\/2023\/12\/26\/nes-pour-sentraider-et-cooperer-ah-bon\/#primaryimage"},"thumbnailUrl":"https:\/\/blog.unifr.ch\/une-autre-ecole-est-possible\/wp-content\/uploads\/2023\/12\/gros-plan-gens-se-tenant-main-scaled.jpg","datePublished":"2023-12-26T10:53:40+00:00","dateModified":"2023-12-26T10:59:26+00:00","author":{"@id":"https:\/\/blog.unifr.ch\/une-autre-ecole-est-possible\/#\/schema\/person\/9bd4b172985c1b78a83bb81a4e57ecc8"},"breadcrumb":{"@id":"https:\/\/blog.unifr.ch\/une-autre-ecole-est-possible\/2023\/12\/26\/nes-pour-sentraider-et-cooperer-ah-bon\/#breadcrumb"},"inLanguage":"fr-FR","potentialAction":[{"@type":"ReadAction","target":["https:\/\/blog.unifr.ch\/une-autre-ecole-est-possible\/2023\/12\/26\/nes-pour-sentraider-et-cooperer-ah-bon\/"]}]},{"@type":"ImageObject","inLanguage":"fr-FR","@id":"https:\/\/blog.unifr.ch\/une-autre-ecole-est-possible\/2023\/12\/26\/nes-pour-sentraider-et-cooperer-ah-bon\/#primaryimage","url":"https:\/\/blog.unifr.ch\/une-autre-ecole-est-possible\/wp-content\/uploads\/2023\/12\/gros-plan-gens-se-tenant-main-scaled.jpg","contentUrl":"https:\/\/blog.unifr.ch\/une-autre-ecole-est-possible\/wp-content\/uploads\/2023\/12\/gros-plan-gens-se-tenant-main-scaled.jpg","width":1710,"height":2560},{"@type":"BreadcrumbList","@id":"https:\/\/blog.unifr.ch\/une-autre-ecole-est-possible\/2023\/12\/26\/nes-pour-sentraider-et-cooperer-ah-bon\/#breadcrumb","itemListElement":[{"@type":"ListItem","position":1,"name":"Accueil","item":"https:\/\/blog.unifr.ch\/une-autre-ecole-est-possible\/"},{"@type":"ListItem","position":2,"name":"N\u00e9s pour s\u2019entraider et coop\u00e9rer, ah bon ?"}]},{"@type":"WebSite","@id":"https:\/\/blog.unifr.ch\/une-autre-ecole-est-possible\/#website","url":"https:\/\/blog.unifr.ch\/une-autre-ecole-est-possible\/","name":"Une autre \u00e9cole est possible","description":"Un blog destin\u00e9 \u00e0 toute personne int\u00e9ress\u00e9e par l&#039;\u00e9ducation inclusive et le d\u00e9veloppement de la personne","potentialAction":[{"@type":"SearchAction","target":{"@type":"EntryPoint","urlTemplate":"https:\/\/blog.unifr.ch\/une-autre-ecole-est-possible\/?s={search_term_string}"},"query-input":{"@type":"PropertyValueSpecification","valueRequired":true,"valueName":"search_term_string"}}],"inLanguage":"fr-FR"},{"@type":"Person","@id":"https:\/\/blog.unifr.ch\/une-autre-ecole-est-possible\/#\/schema\/person\/9bd4b172985c1b78a83bb81a4e57ecc8","name":"Isabelle No\u00ebl","image":{"@type":"ImageObject","inLanguage":"fr-FR","@id":"https:\/\/blog.unifr.ch\/une-autre-ecole-est-possible\/#\/schema\/person\/image\/","url":"https:\/\/secure.gravatar.com\/avatar\/e48668433ef5f78bddddd2181e5d840a12c198d913c6f8f7a30cfe4ae946644a?s=96&d=mm&r=g","contentUrl":"https:\/\/secure.gravatar.com\/avatar\/e48668433ef5f78bddddd2181e5d840a12c198d913c6f8f7a30cfe4ae946644a?s=96&d=mm&r=g","caption":"Isabelle No\u00ebl"},"url":"https:\/\/blog.unifr.ch\/une-autre-ecole-est-possible\/author\/endeveloppement\/"}]}},"_links":{"self":[{"href":"https:\/\/blog.unifr.ch\/une-autre-ecole-est-possible\/wp-json\/wp\/v2\/posts\/232","targetHints":{"allow":["GET"]}}],"collection":[{"href":"https:\/\/blog.unifr.ch\/une-autre-ecole-est-possible\/wp-json\/wp\/v2\/posts"}],"about":[{"href":"https:\/\/blog.unifr.ch\/une-autre-ecole-est-possible\/wp-json\/wp\/v2\/types\/post"}],"author":[{"embeddable":true,"href":"https:\/\/blog.unifr.ch\/une-autre-ecole-est-possible\/wp-json\/wp\/v2\/users\/30"}],"replies":[{"embeddable":true,"href":"https:\/\/blog.unifr.ch\/une-autre-ecole-est-possible\/wp-json\/wp\/v2\/comments?post=232"}],"version-history":[{"count":15,"href":"https:\/\/blog.unifr.ch\/une-autre-ecole-est-possible\/wp-json\/wp\/v2\/posts\/232\/revisions"}],"predecessor-version":[{"id":249,"href":"https:\/\/blog.unifr.ch\/une-autre-ecole-est-possible\/wp-json\/wp\/v2\/posts\/232\/revisions\/249"}],"wp:featuredmedia":[{"embeddable":true,"href":"https:\/\/blog.unifr.ch\/une-autre-ecole-est-possible\/wp-json\/wp\/v2\/media\/233"}],"wp:attachment":[{"href":"https:\/\/blog.unifr.ch\/une-autre-ecole-est-possible\/wp-json\/wp\/v2\/media?parent=232"}],"wp:term":[{"taxonomy":"category","embeddable":true,"href":"https:\/\/blog.unifr.ch\/une-autre-ecole-est-possible\/wp-json\/wp\/v2\/categories?post=232"},{"taxonomy":"post_tag","embeddable":true,"href":"https:\/\/blog.unifr.ch\/une-autre-ecole-est-possible\/wp-json\/wp\/v2\/tags?post=232"}],"curies":[{"name":"wp","href":"https:\/\/api.w.org\/{rel}","templated":true}]}}